{"id":111105,"date":"2026-06-26T09:00:00","date_gmt":"2026-06-26T07:00:00","guid":{"rendered":"https:\/\/www.upjs.sk\/participation-in-the-digital-resilience-for-vital-europe-blended-intensive-programme-at-the-university-of-duisburg-essen-germany-2\/"},"modified":"2026-09-02T09:03:56","modified_gmt":"2026-09-02T07:03:56","slug":"participation-in-the-digital-resilience-for-vital-europe-blended-intensive-programme-at-the-university-of-duisburg-essen-germany-2","status":"publish","type":"post","link":"https:\/\/www.upjs.sk\/en\/participation-in-the-digital-resilience-for-vital-europe-blended-intensive-programme-at-the-university-of-duisburg-essen-germany-2\/","title":{"rendered":"Participation in the Digital Resilience for Vital Europe Blended Intensive Programme at the University of Duisburg-Essen, Germany"},"content":{"rendered":"\n<p class=\"wp-block-paragraph\">From 18 to 22 May 2026, I participated in the Blended Intensive Programme (BIP) <em><strong>Digital Resilience for Vital Europe<\/strong><\/em>, which focused on various aspects of digital resilience. One of the main objectives of the programme, organized by the <strong>University of Duisburg-Essen<\/strong> in Germany, was to provide participants with theoretical knowledge and to present digital resilience as a modern and essential concept for contemporary society.<\/p>\n\n\n\n<p class=\"wp-block-paragraph\">As a PhD student in History, I have already taken part in several mobility programmes within the <strong>Aurora Alliance<\/strong>, and this particular mobility represented a certain challenge for me, as it was primarily focused on digital skills and STEM disciplines. However, from an interdisciplinary perspective, the course proved to be highly beneficial. Multicultural project groups were formed, and the diversity of their members already promised the development of high-quality and engaging projects, which were presented on the final day of the programme.<\/p>\n\n\n\n<p class=\"wp-block-paragraph\">As part of the programme assignment, I worked in an interdisciplinary team alongside students of Computer Science and Economics. Our task was to reflect on the issue of digital security in the city of Essen and propose practical solutions that could be implemented within the municipal administration. In addition to the materials and theoretical framework provided, we had the opportunity to discuss the topic with representatives of the city, who also attended our final presentation. Throughout the programme, discussions about our research projects and fields of study took place not only among students but also with the organizers and guest speakers, further strengthening the sense of community.<\/p>\n\n\n\n<p class=\"wp-block-paragraph\">My only minor recommendation for organizers of the BIP would be to create more space for introductory and networking activities at the beginning. Such activities could further enhance team dynamics and foster interaction among all participants. At first glance, bringing together students of Economics, Computer Science, and History may not seem like a formula for productive collaboration. However, the level of interdisciplinarity, willingness to cooperate, ability to think beyond established frameworks, and efforts to identify connections across different fields of research ultimately produced valuable results.<\/p>\n\n\n\n<p class=\"wp-block-paragraph\">Working in an international environment with students from diverse academic backgrounds offered me numerous new perspectives on my own research. These insights can be incorporated into and applied within my future work, and they are experiences I would never have gained without participating in this mobility programme.<\/p>\n\n\n\n<p class=\"wp-block-paragraph\">I would highly recommend <strong>Aurora Alliance<\/strong> mobility programmes and courses to all students who wish to broaden their horizons, gain insight into how education and research function in different parts of the world, and build professional connections and friendships that extend beyond the university environment.<\/p>\n\n\n\n<p class=\"has-text-align-right wp-block-paragraph\"><strong>Vikt\u00f3ria \u0160vig\u00e1rov\u00e1<\/strong><br>PhD Student in History<br>Department of History, Faculty of Arts<br>Pavol Jozef \u0160af\u00e1rik University in Ko\u0161ice<\/p>\n","protected":false},"excerpt":{"rendered":"<p>From 18 to 22 May 2026, I participated in the Blended Intensive Programme (BIP) Digital Resilience for Vital Europe, which focused on various aspects of digital resilience. One of the main objectives of the programme, organized by the University of Duisburg-Essen in Germany, was to provide participants with theoretical knowledge and to present digital resilience &hellip; <a href=\"https:\/\/www.upjs.sk\/en\/participation-in-the-digital-resilience-for-vital-europe-blended-intensive-programme-at-the-university-of-duisburg-essen-germany-2\/\">Continued<\/a><\/p>\n","protected":false},"author":33,"featured_media":111091,"comment_status":"open","ping_status":"open","sticky":false,"template":"","format":"standard","meta":{"_acf_changed":false,"footnotes":""},"categories":[1589,2657,2646],"tags":[],"class_list":["post-111105","post","type-post","status-publish","format-standard","has-post-thumbnail","hentry","category-aurora-alliance","category-international-relations","category-aurora-news"],"acf":{"acf_link_na_externy_obsah":""},"yoast_head":"<!-- This site is optimized with the Yoast SEO plugin v28.4 - https:\/\/yoast.com\/product\/yoast-seo-wordpress\/ -->\n<title>Participation in the Digital Resilience for Vital Europe Blended Intensive Programme at the University of Duisburg-Essen, Germany - UPJ\u0160 Ko\u0161ice<\/title>\n<meta name=\"robots\" content=\"index, follow, max-snippet:-1, max-image-preview:large, max-video-preview:-1\" \/>\n<link rel=\"canonical\" href=\"https:\/\/www.upjs.sk\/en\/participation-in-the-digital-resilience-for-vital-europe-blended-intensive-programme-at-the-university-of-duisburg-essen-germany-2\/\" \/>\n<meta property=\"og:locale\" content=\"en_US\" \/>\n<meta property=\"og:type\" content=\"article\" \/>\n<meta property=\"og:title\" content=\"Participation in the Digital Resilience for Vital Europe Blended Intensive Programme at the University of Duisburg-Essen, Germany - UPJ\u0160 Ko\u0161ice\" \/>\n<meta property=\"og:description\" content=\"From 18 to 22 May 2026, I participated in the Blended Intensive Programme (BIP) Digital Resilience for Vital Europe, which focused on various aspects of digital resilience. One of the main objectives of the programme, organized by the University of Duisburg-Essen in Germany, was to provide participants with theoretical knowledge and to present digital resilience &hellip; Continued\" \/>\n<meta property=\"og:url\" content=\"https:\/\/www.upjs.sk\/en\/participation-in-the-digital-resilience-for-vital-europe-blended-intensive-programme-at-the-university-of-duisburg-essen-germany-2\/\" \/>\n<meta property=\"og:site_name\" content=\"UPJ\u0160 Ko\u0161ice\" \/>\n<meta property=\"article:publisher\" content=\"https:\/\/www.facebook.com\/UniverzitaPavlaJozefaSafarikaVkosiciach\/\" \/>\n<meta property=\"article:published_time\" content=\"2026-06-26T07:00:00+00:00\" \/>\n<meta property=\"article:modified_time\" content=\"2026-09-02T07:03:56+00:00\" \/>\n<meta property=\"og:image\" content=\"https:\/\/www.upjs.sk\/app\/uploads\/2026\/09\/IMG_1398-scaled.jpeg\" \/>\n\t<meta property=\"og:image:width\" content=\"2560\" \/>\n\t<meta property=\"og:image:height\" content=\"1920\" \/>\n\t<meta property=\"og:image:type\" content=\"image\/jpeg\" \/>\n<meta name=\"author\" content=\"sera\" \/>\n<meta name=\"twitter:card\" content=\"summary_large_image\" \/>\n<meta name=\"twitter:creator\" content=\"@UPJS_kosice\" \/>\n<meta name=\"twitter:site\" content=\"@UPJS_kosice\" \/>\n<meta name=\"twitter:label1\" content=\"Written by\" \/>\n\t<meta name=\"twitter:data1\" content=\"sera\" \/>\n\t<meta name=\"twitter:label2\" content=\"Est. reading time\" \/>\n\t<meta name=\"twitter:data2\" content=\"2 minutes\" \/>\n<script type=\"application\/ld+json\" class=\"yoast-schema-graph\">{\"@context\":\"https:\\\/\\\/schema.org\",\"@graph\":[{\"@type\":\"Article\",\"@id\":\"https:\\\/\\\/www.upjs.sk\\\/en\\\/participation-in-the-digital-resilience-for-vital-europe-blended-intensive-programme-at-the-university-of-duisburg-essen-germany-2\\\/#article\",\"isPartOf\":{\"@id\":\"https:\\\/\\\/www.upjs.sk\\\/en\\\/participation-in-the-digital-resilience-for-vital-europe-blended-intensive-programme-at-the-university-of-duisburg-essen-germany-2\\\/\"},\"author\":{\"name\":\"sera\",\"@id\":\"https:\\\/\\\/www.upjs.sk\\\/en\\\/#\\\/schema\\\/person\\\/2e8bd5944baf9aa46f95c892aa97c791\"},\"headline\":\"Participation in the Digital Resilience for Vital Europe Blended Intensive Programme at the University of Duisburg-Essen, Germany\",\"datePublished\":\"2026-06-26T07:00:00+00:00\",\"dateModified\":\"2026-09-02T07:03:56+00:00\",\"mainEntityOfPage\":{\"@id\":\"https:\\\/\\\/www.upjs.sk\\\/en\\\/participation-in-the-digital-resilience-for-vital-europe-blended-intensive-programme-at-the-university-of-duisburg-essen-germany-2\\\/\"},\"wordCount\":464,\"commentCount\":0,\"publisher\":{\"@id\":\"https:\\\/\\\/www.upjs.sk\\\/en\\\/#organization\"},\"image\":{\"@id\":\"https:\\\/\\\/www.upjs.sk\\\/en\\\/participation-in-the-digital-resilience-for-vital-europe-blended-intensive-programme-at-the-university-of-duisburg-essen-germany-2\\\/#primaryimage\"},\"thumbnailUrl\":\"https:\\\/\\\/www.upjs.sk\\\/app\\\/uploads\\\/2026\\\/09\\\/IMG_1398-scaled.jpeg\",\"articleSection\":[\"Aurora Alliance\",\"International Relations\",\"News\"],\"inLanguage\":\"en-US\",\"potentialAction\":[{\"@type\":\"CommentAction\",\"name\":\"Comment\",\"target\":[\"https:\\\/\\\/www.upjs.sk\\\/en\\\/participation-in-the-digital-resilience-for-vital-europe-blended-intensive-programme-at-the-university-of-duisburg-essen-germany-2\\\/#respond\"]}]},{\"@type\":\"WebPage\",\"@id\":\"https:\\\/\\\/www.upjs.sk\\\/en\\\/participation-in-the-digital-resilience-for-vital-europe-blended-intensive-programme-at-the-university-of-duisburg-essen-germany-2\\\/\",\"url\":\"https:\\\/\\\/www.upjs.sk\\\/en\\\/participation-in-the-digital-resilience-for-vital-europe-blended-intensive-programme-at-the-university-of-duisburg-essen-germany-2\\\/\",\"name\":\"Participation in the Digital Resilience for Vital Europe Blended Intensive Programme at the University of Duisburg-Essen, Germany - UPJ\u0160 Ko\u0161ice\",\"isPartOf\":{\"@id\":\"https:\\\/\\\/www.upjs.sk\\\/en\\\/#website\"},\"primaryImageOfPage\":{\"@id\":\"https:\\\/\\\/www.upjs.sk\\\/en\\\/participation-in-the-digital-resilience-for-vital-europe-blended-intensive-programme-at-the-university-of-duisburg-essen-germany-2\\\/#primaryimage\"},\"image\":{\"@id\":\"https:\\\/\\\/www.upjs.sk\\\/en\\\/participation-in-the-digital-resilience-for-vital-europe-blended-intensive-programme-at-the-university-of-duisburg-essen-germany-2\\\/#primaryimage\"},\"thumbnailUrl\":\"https:\\\/\\\/www.upjs.sk\\\/app\\\/uploads\\\/2026\\\/09\\\/IMG_1398-scaled.jpeg\",\"datePublished\":\"2026-06-26T07:00:00+00:00\",\"dateModified\":\"2026-09-02T07:03:56+00:00\",\"breadcrumb\":{\"@id\":\"https:\\\/\\\/www.upjs.sk\\\/en\\\/participation-in-the-digital-resilience-for-vital-europe-blended-intensive-programme-at-the-university-of-duisburg-essen-germany-2\\\/#breadcrumb\"},\"inLanguage\":\"en-US\",\"potentialAction\":[{\"@type\":\"ReadAction\",\"target\":[\"https:\\\/\\\/www.upjs.sk\\\/en\\\/participation-in-the-digital-resilience-for-vital-europe-blended-intensive-programme-at-the-university-of-duisburg-essen-germany-2\\\/\"]}]},{\"@type\":\"ImageObject\",\"inLanguage\":\"en-US\",\"@id\":\"https:\\\/\\\/www.upjs.sk\\\/en\\\/participation-in-the-digital-resilience-for-vital-europe-blended-intensive-programme-at-the-university-of-duisburg-essen-germany-2\\\/#primaryimage\",\"url\":\"https:\\\/\\\/www.upjs.sk\\\/app\\\/uploads\\\/2026\\\/09\\\/IMG_1398-scaled.jpeg\",\"contentUrl\":\"https:\\\/\\\/www.upjs.sk\\\/app\\\/uploads\\\/2026\\\/09\\\/IMG_1398-scaled.jpeg\",\"width\":2560,\"height\":1920},{\"@type\":\"BreadcrumbList\",\"@id\":\"https:\\\/\\\/www.upjs.sk\\\/en\\\/participation-in-the-digital-resilience-for-vital-europe-blended-intensive-programme-at-the-university-of-duisburg-essen-germany-2\\\/#breadcrumb\",\"itemListElement\":[{\"@type\":\"ListItem\",\"position\":1,\"name\":\"Home\",\"item\":\"https:\\\/\\\/www.upjs.sk\\\/en\\\/\"},{\"@type\":\"ListItem\",\"position\":2,\"name\":\"Participation in the Digital Resilience for Vital Europe Blended Intensive Programme at the University of Duisburg-Essen, Germany\"}]},{\"@type\":\"WebSite\",\"@id\":\"https:\\\/\\\/www.upjs.sk\\\/en\\\/#website\",\"url\":\"https:\\\/\\\/www.upjs.sk\\\/en\\\/\",\"name\":\"UPJ\u0160 Ko\u0161ice\",\"description\":\"Wisdom of the Past, Knowledge of the Present, Education of the Future\",\"publisher\":{\"@id\":\"https:\\\/\\\/www.upjs.sk\\\/en\\\/#organization\"},\"potentialAction\":[{\"@type\":\"SearchAction\",\"target\":{\"@type\":\"EntryPoint\",\"urlTemplate\":\"https:\\\/\\\/www.upjs.sk\\\/en\\\/?s={search_term_string}\"},\"query-input\":{\"@type\":\"PropertyValueSpecification\",\"valueRequired\":true,\"valueName\":\"search_term_string\"}}],\"inLanguage\":\"en-US\"},{\"@type\":\"Organization\",\"@id\":\"https:\\\/\\\/www.upjs.sk\\\/en\\\/#organization\",\"name\":\"UPJ\u0160 Ko\u0161ice\",\"url\":\"https:\\\/\\\/www.upjs.sk\\\/en\\\/\",\"logo\":{\"@type\":\"ImageObject\",\"inLanguage\":\"en-US\",\"@id\":\"https:\\\/\\\/www.upjs.sk\\\/en\\\/#\\\/schema\\\/logo\\\/image\\\/\",\"url\":\"https:\\\/\\\/www.upjs.sk\\\/app\\\/uploads\\\/2023\\\/01\\\/UPJS_ENG_esymbol.svg\",\"contentUrl\":\"https:\\\/\\\/www.upjs.sk\\\/app\\\/uploads\\\/2023\\\/01\\\/UPJS_ENG_esymbol.svg\",\"width\":448,\"height\":139,\"caption\":\"UPJ\u0160 Ko\u0161ice\"},\"image\":{\"@id\":\"https:\\\/\\\/www.upjs.sk\\\/en\\\/#\\\/schema\\\/logo\\\/image\\\/\"},\"sameAs\":[\"https:\\\/\\\/www.facebook.com\\\/UniverzitaPavlaJozefaSafarikaVkosiciach\\\/\",\"https:\\\/\\\/x.com\\\/UPJS_kosice\",\"https:\\\/\\\/www.instagram.com\\\/upjs_kosice\",\"https:\\\/\\\/www.linkedin.com\\\/company\\\/pavol-jozef-afrik-university-in-koice\\\/\"]},{\"@type\":\"Person\",\"@id\":\"https:\\\/\\\/www.upjs.sk\\\/en\\\/#\\\/schema\\\/person\\\/2e8bd5944baf9aa46f95c892aa97c791\",\"name\":\"sera\",\"image\":{\"@type\":\"ImageObject\",\"inLanguage\":\"en-US\",\"@id\":\"https:\\\/\\\/secure.gravatar.com\\\/avatar\\\/b2ccaacc881cb4fb0bc81a950665c3f7f0f8e227d0e9ecccb56c755551ec6b03?s=96&d=mm&r=g\",\"url\":\"https:\\\/\\\/secure.gravatar.com\\\/avatar\\\/b2ccaacc881cb4fb0bc81a950665c3f7f0f8e227d0e9ecccb56c755551ec6b03?s=96&d=mm&r=g\",\"contentUrl\":\"https:\\\/\\\/secure.gravatar.com\\\/avatar\\\/b2ccaacc881cb4fb0bc81a950665c3f7f0f8e227d0e9ecccb56c755551ec6b03?s=96&d=mm&r=g\",\"caption\":\"sera\"},\"url\":\"https:\\\/\\\/www.upjs.sk\\\/en\\\/author\\\/sera\\\/\"}]}<\/script>\n<!-- \/ Yoast SEO plugin. -->","yoast_head_json":{"title":"Participation in the Digital Resilience for Vital Europe Blended Intensive Programme at the University of Duisburg-Essen, Germany - UPJ\u0160 Ko\u0161ice","robots":{"index":"index","follow":"follow","max-snippet":"max-snippet:-1","max-image-preview":"max-image-preview:large","max-video-preview":"max-video-preview:-1"},"canonical":"https:\/\/www.upjs.sk\/en\/participation-in-the-digital-resilience-for-vital-europe-blended-intensive-programme-at-the-university-of-duisburg-essen-germany-2\/","og_locale":"en_US","og_type":"article","og_title":"Participation in the Digital Resilience for Vital Europe Blended Intensive Programme at the University of Duisburg-Essen, Germany - UPJ\u0160 Ko\u0161ice","og_description":"From 18 to 22 May 2026, I participated in the Blended Intensive Programme (BIP) Digital Resilience for Vital Europe, which focused on various aspects of digital resilience. One of the main objectives of the programme, organized by the University of Duisburg-Essen in Germany, was to provide participants with theoretical knowledge and to present digital resilience &hellip; Continued","og_url":"https:\/\/www.upjs.sk\/en\/participation-in-the-digital-resilience-for-vital-europe-blended-intensive-programme-at-the-university-of-duisburg-essen-germany-2\/","og_site_name":"UPJ\u0160 Ko\u0161ice","article_publisher":"https:\/\/www.facebook.com\/UniverzitaPavlaJozefaSafarikaVkosiciach\/","article_published_time":"2026-06-26T07:00:00+00:00","article_modified_time":"2026-09-02T07:03:56+00:00","og_image":[{"width":2560,"height":1920,"url":"https:\/\/www.upjs.sk\/app\/uploads\/2026\/09\/IMG_1398-scaled.jpeg","type":"image\/jpeg"}],"author":"sera","twitter_card":"summary_large_image","twitter_creator":"@UPJS_kosice","twitter_site":"@UPJS_kosice","twitter_misc":{"Written by":"sera","Est. reading time":"2 minutes"},"schema":{"@context":"https:\/\/schema.org","@graph":[{"@type":"Article","@id":"https:\/\/www.upjs.sk\/en\/participation-in-the-digital-resilience-for-vital-europe-blended-intensive-programme-at-the-university-of-duisburg-essen-germany-2\/#article","isPartOf":{"@id":"https:\/\/www.upjs.sk\/en\/participation-in-the-digital-resilience-for-vital-europe-blended-intensive-programme-at-the-university-of-duisburg-essen-germany-2\/"},"author":{"name":"sera","@id":"https:\/\/www.upjs.sk\/en\/#\/schema\/person\/2e8bd5944baf9aa46f95c892aa97c791"},"headline":"Participation in the Digital Resilience for Vital Europe Blended Intensive Programme at the University of Duisburg-Essen, Germany","datePublished":"2026-06-26T07:00:00+00:00","dateModified":"2026-09-02T07:03:56+00:00","mainEntityOfPage":{"@id":"https:\/\/www.upjs.sk\/en\/participation-in-the-digital-resilience-for-vital-europe-blended-intensive-programme-at-the-university-of-duisburg-essen-germany-2\/"},"wordCount":464,"commentCount":0,"publisher":{"@id":"https:\/\/www.upjs.sk\/en\/#organization"},"image":{"@id":"https:\/\/www.upjs.sk\/en\/participation-in-the-digital-resilience-for-vital-europe-blended-intensive-programme-at-the-university-of-duisburg-essen-germany-2\/#primaryimage"},"thumbnailUrl":"https:\/\/www.upjs.sk\/app\/uploads\/2026\/09\/IMG_1398-scaled.jpeg","articleSection":["Aurora Alliance","International Relations","News"],"inLanguage":"en-US","potentialAction":[{"@type":"CommentAction","name":"Comment","target":["https:\/\/www.upjs.sk\/en\/participation-in-the-digital-resilience-for-vital-europe-blended-intensive-programme-at-the-university-of-duisburg-essen-germany-2\/#respond"]}]},{"@type":"WebPage","@id":"https:\/\/www.upjs.sk\/en\/participation-in-the-digital-resilience-for-vital-europe-blended-intensive-programme-at-the-university-of-duisburg-essen-germany-2\/","url":"https:\/\/www.upjs.sk\/en\/participation-in-the-digital-resilience-for-vital-europe-blended-intensive-programme-at-the-university-of-duisburg-essen-germany-2\/","name":"Participation in the Digital Resilience for Vital Europe Blended Intensive Programme at the University of Duisburg-Essen, Germany - UPJ\u0160 Ko\u0161ice","isPartOf":{"@id":"https:\/\/www.upjs.sk\/en\/#website"},"primaryImageOfPage":{"@id":"https:\/\/www.upjs.sk\/en\/participation-in-the-digital-resilience-for-vital-europe-blended-intensive-programme-at-the-university-of-duisburg-essen-germany-2\/#primaryimage"},"image":{"@id":"https:\/\/www.upjs.sk\/en\/participation-in-the-digital-resilience-for-vital-europe-blended-intensive-programme-at-the-university-of-duisburg-essen-germany-2\/#primaryimage"},"thumbnailUrl":"https:\/\/www.upjs.sk\/app\/uploads\/2026\/09\/IMG_1398-scaled.jpeg","datePublished":"2026-06-26T07:00:00+00:00","dateModified":"2026-09-02T07:03:56+00:00","breadcrumb":{"@id":"https:\/\/www.upjs.sk\/en\/participation-in-the-digital-resilience-for-vital-europe-blended-intensive-programme-at-the-university-of-duisburg-essen-germany-2\/#breadcrumb"},"inLanguage":"en-US","potentialAction":[{"@type":"ReadAction","target":["https:\/\/www.upjs.sk\/en\/participation-in-the-digital-resilience-for-vital-europe-blended-intensive-programme-at-the-university-of-duisburg-essen-germany-2\/"]}]},{"@type":"ImageObject","inLanguage":"en-US","@id":"https:\/\/www.upjs.sk\/en\/participation-in-the-digital-resilience-for-vital-europe-blended-intensive-programme-at-the-university-of-duisburg-essen-germany-2\/#primaryimage","url":"https:\/\/www.upjs.sk\/app\/uploads\/2026\/09\/IMG_1398-scaled.jpeg","contentUrl":"https:\/\/www.upjs.sk\/app\/uploads\/2026\/09\/IMG_1398-scaled.jpeg","width":2560,"height":1920},{"@type":"BreadcrumbList","@id":"https:\/\/www.upjs.sk\/en\/participation-in-the-digital-resilience-for-vital-europe-blended-intensive-programme-at-the-university-of-duisburg-essen-germany-2\/#breadcrumb","itemListElement":[{"@type":"ListItem","position":1,"name":"Home","item":"https:\/\/www.upjs.sk\/en\/"},{"@type":"ListItem","position":2,"name":"Participation in the Digital Resilience for Vital Europe Blended Intensive Programme at the University of Duisburg-Essen, Germany"}]},{"@type":"WebSite","@id":"https:\/\/www.upjs.sk\/en\/#website","url":"https:\/\/www.upjs.sk\/en\/","name":"UPJ\u0160 Ko\u0161ice","description":"Wisdom of the Past, Knowledge of the Present, Education of the Future","publisher":{"@id":"https:\/\/www.upjs.sk\/en\/#organization"},"potentialAction":[{"@type":"SearchAction","target":{"@type":"EntryPoint","urlTemplate":"https:\/\/www.upjs.sk\/en\/?s={search_term_string}"},"query-input":{"@type":"PropertyValueSpecification","valueRequired":true,"valueName":"search_term_string"}}],"inLanguage":"en-US"},{"@type":"Organization","@id":"https:\/\/www.upjs.sk\/en\/#organization","name":"UPJ\u0160 Ko\u0161ice","url":"https:\/\/www.upjs.sk\/en\/","logo":{"@type":"ImageObject","inLanguage":"en-US","@id":"https:\/\/www.upjs.sk\/en\/#\/schema\/logo\/image\/","url":"https:\/\/www.upjs.sk\/app\/uploads\/2023\/01\/UPJS_ENG_esymbol.svg","contentUrl":"https:\/\/www.upjs.sk\/app\/uploads\/2023\/01\/UPJS_ENG_esymbol.svg","width":448,"height":139,"caption":"UPJ\u0160 Ko\u0161ice"},"image":{"@id":"https:\/\/www.upjs.sk\/en\/#\/schema\/logo\/image\/"},"sameAs":["https:\/\/www.facebook.com\/UniverzitaPavlaJozefaSafarikaVkosiciach\/","https:\/\/x.com\/UPJS_kosice","https:\/\/www.instagram.com\/upjs_kosice","https:\/\/www.linkedin.com\/company\/pavol-jozef-afrik-university-in-koice\/"]},{"@type":"Person","@id":"https:\/\/www.upjs.sk\/en\/#\/schema\/person\/2e8bd5944baf9aa46f95c892aa97c791","name":"sera","image":{"@type":"ImageObject","inLanguage":"en-US","@id":"https:\/\/secure.gravatar.com\/avatar\/b2ccaacc881cb4fb0bc81a950665c3f7f0f8e227d0e9ecccb56c755551ec6b03?s=96&d=mm&r=g","url":"https:\/\/secure.gravatar.com\/avatar\/b2ccaacc881cb4fb0bc81a950665c3f7f0f8e227d0e9ecccb56c755551ec6b03?s=96&d=mm&r=g","contentUrl":"https:\/\/secure.gravatar.com\/avatar\/b2ccaacc881cb4fb0bc81a950665c3f7f0f8e227d0e9ecccb56c755551ec6b03?s=96&d=mm&r=g","caption":"sera"},"url":"https:\/\/www.upjs.sk\/en\/author\/sera\/"}]}},"_links":{"self":[{"href":"https:\/\/www.upjs.sk\/en\/wp-json\/wp\/v2\/posts\/111105","targetHints":{"allow":["GET"]}}],"collection":[{"href":"https:\/\/www.upjs.sk\/en\/wp-json\/wp\/v2\/posts"}],"about":[{"href":"https:\/\/www.upjs.sk\/en\/wp-json\/wp\/v2\/types\/post"}],"author":[{"embeddable":true,"href":"https:\/\/www.upjs.sk\/en\/wp-json\/wp\/v2\/users\/33"}],"replies":[{"embeddable":true,"href":"https:\/\/www.upjs.sk\/en\/wp-json\/wp\/v2\/comments?post=111105"}],"version-history":[{"count":3,"href":"https:\/\/www.upjs.sk\/en\/wp-json\/wp\/v2\/posts\/111105\/revisions"}],"predecessor-version":[{"id":111109,"href":"https:\/\/www.upjs.sk\/en\/wp-json\/wp\/v2\/posts\/111105\/revisions\/111109"}],"wp:featuredmedia":[{"embeddable":true,"href":"https:\/\/www.upjs.sk\/en\/wp-json\/wp\/v2\/media\/111091"}],"wp:attachment":[{"href":"https:\/\/www.upjs.sk\/en\/wp-json\/wp\/v2\/media?parent=111105"}],"wp:term":[{"taxonomy":"category","embeddable":true,"href":"https:\/\/www.upjs.sk\/en\/wp-json\/wp\/v2\/categories?post=111105"},{"taxonomy":"post_tag","embeddable":true,"href":"https:\/\/www.upjs.sk\/en\/wp-json\/wp\/v2\/tags?post=111105"}],"curies":[{"name":"wp","href":"https:\/\/api.w.org\/{rel}","templated":true}]}}