{"id":31144,"date":"2026-08-19T14:43:55","date_gmt":"2026-08-19T13:43:55","guid":{"rendered":"https:\/\/www.upjs.sk\/fakulta-verejnej-spravy\/?p=31144"},"modified":"2026-08-19T14:46:32","modified_gmt":"2026-08-19T13:46:32","slug":"referent-ka-ludskych-zdrojov","status":"publish","type":"post","link":"https:\/\/www.upjs.sk\/fakulta-verejnej-spravy\/referent-ka-ludskych-zdrojov\/","title":{"rendered":"Referent\/-ka \u013eudsk\u00fdch zdrojov"},"content":{"rendered":"\n<p class=\"wp-block-paragraph\"><\/p>\n\n\n\n<p class=\"wp-block-paragraph\"><strong>Univerzita Pavla Jozefa \u0160af\u00e1rika v\u00a0Ko\u0161iciach, Fakulta verejnej spr\u00e1vy<\/strong> so s\u00eddlom na Popradskej 66, 040 11 Ko\u0161ice, prijme do pracovn\u00e9ho pomeru zamestnanca na poz\u00edciu:<br><em><strong>referent\/-ka \u013eudsk\u00fdch zdrojov<\/strong><\/em><\/p>\n\n\n\n<p class=\"wp-block-paragraph\"><strong>Term\u00edn n\u00e1stupu: <\/strong>ASAP<br><br><strong>Druh pracovn\u00e9ho pomeru:<\/strong> pln\u00fd \u00fav\u00e4zok<br><br><strong>Pon\u00fakan\u00fd plat (brutto):<\/strong> v\u00a0z\u00e1vislosti od definovan\u00fdch \u0161pecifick\u00fdch krit\u00e9ri\u00ed (kvalifika\u010dn\u00e9 predpoklady, d\u013a\u017eka praxe, vedomosti, zru\u010dnosti, kompetencie) pod\u013ea z\u00e1kona \u010d. 553\/2003 Z.z.\u00a0 o\u00a0odme\u0148ovan\u00ed niektor\u00fdch zamestnancov pri v\u00fdkone pr\u00e1ce vo verejnom z\u00e1ujme v\u00a0platnom znen\u00ed<br><br><strong>N\u00e1pl\u0148 pr\u00e1ce<\/strong><br>Komplexn\u00e9 vedenie person\u00e1lnej agendy a\u00a0zabezpe\u010dovanie \u010diastkovej mzdovej agendy<br><br><strong>Vzdelanie a\u00a0prax<\/strong><br>Minim\u00e1lne \u00fapln\u00e9 stredo\u0161kolsk\u00e9 vzdelanie (v pr\u00edpade \u00fapln\u00e9ho stredo\u0161kolsk\u00e9ho vzdelania je prax nevyhnutn\u00e1)<br><br><strong>Jazykov\u00e9 znalosti<\/strong><br>Slovensk\u00fd jazyk \u2013 (C2)<br><br><strong>Po\u010d\u00edta\u010dov\u00e9 znalosti<\/strong><br>Microsoft Word \u2013 pokro\u010dil\u00fd<br>Microsoft Excel \u2013 pokro\u010dil\u00fd<br>Microsoft Outlook \u2013 pokro\u010dil\u00fd<br>V\u00fdhodou je znalos\u0165 pr\u00e1ce v SAP<br><br><strong>Osobnostn\u00e9 predpoklady a\u00a0zru\u010dnosti<\/strong><br>&#8211; spo\u013eahlivos\u0165, prec\u00edznos\u0165 a\u00a0zodpovedn\u00fd pr\u00edstup k\u00a0pr\u00e1ci<br>&#8211; schopnos\u0165 samostatnej aj t\u00edmovej pr\u00e1ce<br>&#8211; komunika\u010dn\u00e9 schopnosti<br>&#8211; bez\u00fahonnos\u0165<br><br><strong>Zamestnaneck\u00e9 v\u00fdhody, benefity<\/strong><br>&#8211; pr\u00edle\u017eitosti pre odborn\u00fd rast,<br>&#8211; \u00fa\u010das\u0165 na \u0161koleniach a\u00a0odborn\u00fdch podujatiach,<br>&#8211; pr\u00e1ca v\u00a0dynamickom kolekt\u00edve<br><br><strong>Zoznam po\u017eadovan\u00fdch dokladov<\/strong><br>&#8211; motiva\u010dn\u00fd list,<br>&#8211; \u0161trukt\u00farovan\u00fd profesijn\u00fd \u017eivotopis<\/p>\n\n\n\n<p class=\"wp-block-paragraph\"><strong>D\u00e1tum uz\u00e1vierky prij\u00edmania \u017eiadost\u00ed a dokladov:<\/strong><br>15. 9. 2026<\/p>\n\n\n\n<p class=\"wp-block-paragraph\"><strong>Adresa na zasielanie \u017eiadost\u00ed a dokladov:<\/strong><br>Fakulta verejnej spr\u00e1vy UPJ\u0160 v\u00a0Ko\u0161iciach, Refer\u00e1t \u013eudsk\u00fdch zdrojov, Popradsk\u00e1 66, 040 11 Ko\u0161ice alebo elektronicky na emailov\u00fa adresu <a href=\"mailto:fvs-person@upjs.sk\">fvs-person@upjs.sk<\/a> <br>V\u00e1\u017eime si Va\u0161e vzdelanie a\u00a0sk\u00fasenosti, pos\u00fadenie ktor\u00fdch bude predmetom priebe\u017ene prebiehaj\u00faceho 1. kola v\u00fdberu (vyhodnocovanie doru\u010den\u00fdch \u017eivotopisov a\u00a0\u010fal\u0161\u00edch podkladov). Ak bude V\u00e1\u0161 odborn\u00fd profil zodpoveda\u0165 na\u0161im po\u017eiadavk\u00e1m, budeme V\u00e1s kontaktova\u0165 s\u00a0ponukou zapojenia sa do druh\u00e9ho kola v\u00fdberu. V\u00a0pr\u00edpade, ak sa tak nestane v\u00a0priebehu jedn\u00e9ho mesiaca od term\u00ednu uz\u00e1vierky pracovnej ponuky, dali sme prednos\u0165 in\u00fdm kandid\u00e1tom.<\/p>\n","protected":false},"excerpt":{"rendered":"<p>.<\/p>\n","protected":false},"author":19,"featured_media":0,"comment_status":"closed","ping_status":"closed","sticky":false,"template":"","format":"standard","meta":{"_acf_changed":false,"footnotes":""},"categories":[462],"tags":[],"tax_aktuality":[],"class_list":["post-31144","post","type-post","status-publish","format-standard","hentry","category-volne-pracovne-miesta-nepedagogicki-zamestnanci"],"acf":{"acf_link_na_externy_obsah":""},"yoast_head":"<!-- This site is optimized with the Yoast SEO plugin v28.3 - https:\/\/yoast.com\/product\/yoast-seo-wordpress\/ -->\n<title>Referent\/-ka \u013eudsk\u00fdch zdrojov - Fakulta verejnej spr\u00e1vy | UPJ\u0160<\/title>\n<meta name=\"robots\" content=\"index, follow, max-snippet:-1, max-image-preview:large, max-video-preview:-1\" \/>\n<link rel=\"canonical\" href=\"https:\/\/www.upjs.sk\/fakulta-verejnej-spravy\/referent-ka-ludskych-zdrojov\/\" \/>\n<meta property=\"og:locale\" content=\"sk_SK\" \/>\n<meta property=\"og:type\" content=\"article\" \/>\n<meta property=\"og:title\" content=\"Referent\/-ka \u013eudsk\u00fdch zdrojov - Fakulta verejnej spr\u00e1vy | UPJ\u0160\" \/>\n<meta property=\"og:description\" content=\".\" \/>\n<meta property=\"og:url\" content=\"https:\/\/www.upjs.sk\/fakulta-verejnej-spravy\/referent-ka-ludskych-zdrojov\/\" \/>\n<meta property=\"og:site_name\" content=\"Fakulta verejnej spr\u00e1vy | UPJ\u0160\" \/>\n<meta property=\"article:published_time\" content=\"2026-08-19T13:43:55+00:00\" \/>\n<meta property=\"article:modified_time\" content=\"2026-08-19T13:46:32+00:00\" \/>\n<meta name=\"author\" content=\"krokosova\" \/>\n<meta name=\"twitter:card\" content=\"summary_large_image\" \/>\n<meta name=\"twitter:label1\" content=\"Autor\" \/>\n\t<meta name=\"twitter:data1\" content=\"krokosova\" \/>\n\t<meta name=\"twitter:label2\" content=\"Predpokladan\u00fd \u010das \u010d\u00edtania\" \/>\n\t<meta name=\"twitter:data2\" content=\"2 min\u00faty\" \/>\n<script type=\"application\/ld+json\" class=\"yoast-schema-graph\">{\"@context\":\"https:\\\/\\\/schema.org\",\"@graph\":[{\"@type\":\"Article\",\"@id\":\"https:\\\/\\\/www.upjs.sk\\\/fakulta-verejnej-spravy\\\/referent-ka-ludskych-zdrojov\\\/#article\",\"isPartOf\":{\"@id\":\"https:\\\/\\\/www.upjs.sk\\\/fakulta-verejnej-spravy\\\/referent-ka-ludskych-zdrojov\\\/\"},\"author\":{\"name\":\"krokosova\",\"@id\":\"https:\\\/\\\/www.upjs.sk\\\/fakulta-verejnej-spravy\\\/#\\\/schema\\\/person\\\/26cbedef5326cab6104d3f3cf36b5282\"},\"headline\":\"Referent\\\/-ka \u013eudsk\u00fdch zdrojov\",\"datePublished\":\"2026-08-19T13:43:55+00:00\",\"dateModified\":\"2026-08-19T13:46:32+00:00\",\"mainEntityOfPage\":{\"@id\":\"https:\\\/\\\/www.upjs.sk\\\/fakulta-verejnej-spravy\\\/referent-ka-ludskych-zdrojov\\\/\"},\"wordCount\":353,\"publisher\":{\"@id\":\"https:\\\/\\\/www.upjs.sk\\\/fakulta-verejnej-spravy\\\/#organization\"},\"articleSection\":[\"Vo\u013en\u00e9 pracovn\u00e9 miesta - nepedagogick\u00ed zamestnanci\"],\"inLanguage\":\"sk-SK\"},{\"@type\":\"WebPage\",\"@id\":\"https:\\\/\\\/www.upjs.sk\\\/fakulta-verejnej-spravy\\\/referent-ka-ludskych-zdrojov\\\/\",\"url\":\"https:\\\/\\\/www.upjs.sk\\\/fakulta-verejnej-spravy\\\/referent-ka-ludskych-zdrojov\\\/\",\"name\":\"Referent\\\/-ka \u013eudsk\u00fdch zdrojov - Fakulta verejnej spr\u00e1vy | UPJ\u0160\",\"isPartOf\":{\"@id\":\"https:\\\/\\\/www.upjs.sk\\\/fakulta-verejnej-spravy\\\/#website\"},\"datePublished\":\"2026-08-19T13:43:55+00:00\",\"dateModified\":\"2026-08-19T13:46:32+00:00\",\"breadcrumb\":{\"@id\":\"https:\\\/\\\/www.upjs.sk\\\/fakulta-verejnej-spravy\\\/referent-ka-ludskych-zdrojov\\\/#breadcrumb\"},\"inLanguage\":\"sk-SK\",\"potentialAction\":[{\"@type\":\"ReadAction\",\"target\":[\"https:\\\/\\\/www.upjs.sk\\\/fakulta-verejnej-spravy\\\/referent-ka-ludskych-zdrojov\\\/\"]}]},{\"@type\":\"BreadcrumbList\",\"@id\":\"https:\\\/\\\/www.upjs.sk\\\/fakulta-verejnej-spravy\\\/referent-ka-ludskych-zdrojov\\\/#breadcrumb\",\"itemListElement\":[{\"@type\":\"ListItem\",\"position\":1,\"name\":\"Home\",\"item\":\"https:\\\/\\\/www.upjs.sk\\\/fakulta-verejnej-spravy\\\/\"},{\"@type\":\"ListItem\",\"position\":2,\"name\":\"Referent\\\/-ka \u013eudsk\u00fdch zdrojov\"}]},{\"@type\":\"WebSite\",\"@id\":\"https:\\\/\\\/www.upjs.sk\\\/fakulta-verejnej-spravy\\\/#website\",\"url\":\"https:\\\/\\\/www.upjs.sk\\\/fakulta-verejnej-spravy\\\/\",\"name\":\"Fakulta verejnej spr\u00e1vy | UPJ\u0160\",\"description\":\"\",\"publisher\":{\"@id\":\"https:\\\/\\\/www.upjs.sk\\\/fakulta-verejnej-spravy\\\/#organization\"},\"potentialAction\":[{\"@type\":\"SearchAction\",\"target\":{\"@type\":\"EntryPoint\",\"urlTemplate\":\"https:\\\/\\\/www.upjs.sk\\\/fakulta-verejnej-spravy\\\/?s={search_term_string}\"},\"query-input\":{\"@type\":\"PropertyValueSpecification\",\"valueRequired\":true,\"valueName\":\"search_term_string\"}}],\"inLanguage\":\"sk-SK\"},{\"@type\":\"Organization\",\"@id\":\"https:\\\/\\\/www.upjs.sk\\\/fakulta-verejnej-spravy\\\/#organization\",\"name\":\"Fakulta verejnej spr\u00e1vy | UPJ\u0160\",\"url\":\"https:\\\/\\\/www.upjs.sk\\\/fakulta-verejnej-spravy\\\/\",\"logo\":{\"@type\":\"ImageObject\",\"inLanguage\":\"sk-SK\",\"@id\":\"https:\\\/\\\/www.upjs.sk\\\/fakulta-verejnej-spravy\\\/#\\\/schema\\\/logo\\\/image\\\/\",\"url\":\"https:\\\/\\\/www.upjs.sk\\\/app\\\/uploads\\\/sites\\\/12\\\/2022\\\/09\\\/logo-verejnej-spravy-fakulta.png\",\"contentUrl\":\"https:\\\/\\\/www.upjs.sk\\\/app\\\/uploads\\\/sites\\\/12\\\/2022\\\/09\\\/logo-verejnej-spravy-fakulta.png\",\"width\":415,\"height\":87,\"caption\":\"Fakulta verejnej spr\u00e1vy | UPJ\u0160\"},\"image\":{\"@id\":\"https:\\\/\\\/www.upjs.sk\\\/fakulta-verejnej-spravy\\\/#\\\/schema\\\/logo\\\/image\\\/\"}},{\"@type\":\"Person\",\"@id\":\"https:\\\/\\\/www.upjs.sk\\\/fakulta-verejnej-spravy\\\/#\\\/schema\\\/person\\\/26cbedef5326cab6104d3f3cf36b5282\",\"name\":\"krokosova\",\"url\":\"https:\\\/\\\/www.upjs.sk\\\/fakulta-verejnej-spravy\\\/author\\\/krokosova\\\/\"}]}<\/script>\n<!-- \/ Yoast SEO plugin. -->","yoast_head_json":{"title":"Referent\/-ka \u013eudsk\u00fdch zdrojov - Fakulta verejnej spr\u00e1vy | UPJ\u0160","robots":{"index":"index","follow":"follow","max-snippet":"max-snippet:-1","max-image-preview":"max-image-preview:large","max-video-preview":"max-video-preview:-1"},"canonical":"https:\/\/www.upjs.sk\/fakulta-verejnej-spravy\/referent-ka-ludskych-zdrojov\/","og_locale":"sk_SK","og_type":"article","og_title":"Referent\/-ka \u013eudsk\u00fdch zdrojov - Fakulta verejnej spr\u00e1vy | UPJ\u0160","og_description":".","og_url":"https:\/\/www.upjs.sk\/fakulta-verejnej-spravy\/referent-ka-ludskych-zdrojov\/","og_site_name":"Fakulta verejnej spr\u00e1vy | UPJ\u0160","article_published_time":"2026-08-19T13:43:55+00:00","article_modified_time":"2026-08-19T13:46:32+00:00","author":"krokosova","twitter_card":"summary_large_image","twitter_misc":{"Autor":"krokosova","Predpokladan\u00fd \u010das \u010d\u00edtania":"2 min\u00faty"},"schema":{"@context":"https:\/\/schema.org","@graph":[{"@type":"Article","@id":"https:\/\/www.upjs.sk\/fakulta-verejnej-spravy\/referent-ka-ludskych-zdrojov\/#article","isPartOf":{"@id":"https:\/\/www.upjs.sk\/fakulta-verejnej-spravy\/referent-ka-ludskych-zdrojov\/"},"author":{"name":"krokosova","@id":"https:\/\/www.upjs.sk\/fakulta-verejnej-spravy\/#\/schema\/person\/26cbedef5326cab6104d3f3cf36b5282"},"headline":"Referent\/-ka \u013eudsk\u00fdch zdrojov","datePublished":"2026-08-19T13:43:55+00:00","dateModified":"2026-08-19T13:46:32+00:00","mainEntityOfPage":{"@id":"https:\/\/www.upjs.sk\/fakulta-verejnej-spravy\/referent-ka-ludskych-zdrojov\/"},"wordCount":353,"publisher":{"@id":"https:\/\/www.upjs.sk\/fakulta-verejnej-spravy\/#organization"},"articleSection":["Vo\u013en\u00e9 pracovn\u00e9 miesta - nepedagogick\u00ed zamestnanci"],"inLanguage":"sk-SK"},{"@type":"WebPage","@id":"https:\/\/www.upjs.sk\/fakulta-verejnej-spravy\/referent-ka-ludskych-zdrojov\/","url":"https:\/\/www.upjs.sk\/fakulta-verejnej-spravy\/referent-ka-ludskych-zdrojov\/","name":"Referent\/-ka \u013eudsk\u00fdch zdrojov - Fakulta verejnej spr\u00e1vy | UPJ\u0160","isPartOf":{"@id":"https:\/\/www.upjs.sk\/fakulta-verejnej-spravy\/#website"},"datePublished":"2026-08-19T13:43:55+00:00","dateModified":"2026-08-19T13:46:32+00:00","breadcrumb":{"@id":"https:\/\/www.upjs.sk\/fakulta-verejnej-spravy\/referent-ka-ludskych-zdrojov\/#breadcrumb"},"inLanguage":"sk-SK","potentialAction":[{"@type":"ReadAction","target":["https:\/\/www.upjs.sk\/fakulta-verejnej-spravy\/referent-ka-ludskych-zdrojov\/"]}]},{"@type":"BreadcrumbList","@id":"https:\/\/www.upjs.sk\/fakulta-verejnej-spravy\/referent-ka-ludskych-zdrojov\/#breadcrumb","itemListElement":[{"@type":"ListItem","position":1,"name":"Home","item":"https:\/\/www.upjs.sk\/fakulta-verejnej-spravy\/"},{"@type":"ListItem","position":2,"name":"Referent\/-ka \u013eudsk\u00fdch zdrojov"}]},{"@type":"WebSite","@id":"https:\/\/www.upjs.sk\/fakulta-verejnej-spravy\/#website","url":"https:\/\/www.upjs.sk\/fakulta-verejnej-spravy\/","name":"Fakulta verejnej spr\u00e1vy | UPJ\u0160","description":"","publisher":{"@id":"https:\/\/www.upjs.sk\/fakulta-verejnej-spravy\/#organization"},"potentialAction":[{"@type":"SearchAction","target":{"@type":"EntryPoint","urlTemplate":"https:\/\/www.upjs.sk\/fakulta-verejnej-spravy\/?s={search_term_string}"},"query-input":{"@type":"PropertyValueSpecification","valueRequired":true,"valueName":"search_term_string"}}],"inLanguage":"sk-SK"},{"@type":"Organization","@id":"https:\/\/www.upjs.sk\/fakulta-verejnej-spravy\/#organization","name":"Fakulta verejnej spr\u00e1vy | UPJ\u0160","url":"https:\/\/www.upjs.sk\/fakulta-verejnej-spravy\/","logo":{"@type":"ImageObject","inLanguage":"sk-SK","@id":"https:\/\/www.upjs.sk\/fakulta-verejnej-spravy\/#\/schema\/logo\/image\/","url":"https:\/\/www.upjs.sk\/app\/uploads\/sites\/12\/2022\/09\/logo-verejnej-spravy-fakulta.png","contentUrl":"https:\/\/www.upjs.sk\/app\/uploads\/sites\/12\/2022\/09\/logo-verejnej-spravy-fakulta.png","width":415,"height":87,"caption":"Fakulta verejnej spr\u00e1vy | UPJ\u0160"},"image":{"@id":"https:\/\/www.upjs.sk\/fakulta-verejnej-spravy\/#\/schema\/logo\/image\/"}},{"@type":"Person","@id":"https:\/\/www.upjs.sk\/fakulta-verejnej-spravy\/#\/schema\/person\/26cbedef5326cab6104d3f3cf36b5282","name":"krokosova","url":"https:\/\/www.upjs.sk\/fakulta-verejnej-spravy\/author\/krokosova\/"}]}},"_links":{"self":[{"href":"https:\/\/www.upjs.sk\/fakulta-verejnej-spravy\/wp-json\/wp\/v2\/posts\/31144","targetHints":{"allow":["GET"]}}],"collection":[{"href":"https:\/\/www.upjs.sk\/fakulta-verejnej-spravy\/wp-json\/wp\/v2\/posts"}],"about":[{"href":"https:\/\/www.upjs.sk\/fakulta-verejnej-spravy\/wp-json\/wp\/v2\/types\/post"}],"author":[{"embeddable":true,"href":"https:\/\/www.upjs.sk\/fakulta-verejnej-spravy\/wp-json\/wp\/v2\/users\/19"}],"replies":[{"embeddable":true,"href":"https:\/\/www.upjs.sk\/fakulta-verejnej-spravy\/wp-json\/wp\/v2\/comments?post=31144"}],"version-history":[{"count":5,"href":"https:\/\/www.upjs.sk\/fakulta-verejnej-spravy\/wp-json\/wp\/v2\/posts\/31144\/revisions"}],"predecessor-version":[{"id":31149,"href":"https:\/\/www.upjs.sk\/fakulta-verejnej-spravy\/wp-json\/wp\/v2\/posts\/31144\/revisions\/31149"}],"wp:attachment":[{"href":"https:\/\/www.upjs.sk\/fakulta-verejnej-spravy\/wp-json\/wp\/v2\/media?parent=31144"}],"wp:term":[{"taxonomy":"category","embeddable":true,"href":"https:\/\/www.upjs.sk\/fakulta-verejnej-spravy\/wp-json\/wp\/v2\/categories?post=31144"},{"taxonomy":"post_tag","embeddable":true,"href":"https:\/\/www.upjs.sk\/fakulta-verejnej-spravy\/wp-json\/wp\/v2\/tags?post=31144"},{"taxonomy":"tax_aktuality","embeddable":true,"href":"https:\/\/www.upjs.sk\/fakulta-verejnej-spravy\/wp-json\/wp\/v2\/tax_aktuality?post=31144"}],"curies":[{"name":"wp","href":"https:\/\/api.w.org\/{rel}","templated":true}]}}