{"id":56103,"date":"2026-08-26T08:17:55","date_gmt":"2026-08-26T07:17:55","guid":{"rendered":"https:\/\/www.upjs.sk\/filozoficka-fakulta\/?p=56103"},"modified":"2026-08-26T09:47:49","modified_gmt":"2026-08-26T08:47:49","slug":"imatrikulacia-1bc-2026","status":"publish","type":"post","link":"https:\/\/www.upjs.sk\/filozoficka-fakulta\/imatrikulacia-1bc-2026\/","title":{"rendered":"Imatrikul\u00e1cia prv\u00e1kov 2026"},"content":{"rendered":"<style>.kb-row-layout-id56103_f32cb9-97 > .kt-row-column-wrap{align-content:start;}:where(.kb-row-layout-id56103_f32cb9-97 > .kt-row-column-wrap) > .wp-block-kadence-column{justify-content:start;}.kb-row-layout-id56103_f32cb9-97 > .kt-row-column-wrap{column-gap:var(--global-kb-gap-md, 2rem);row-gap:var(--global-kb-gap-md, 2rem);grid-template-columns:repeat(2, minmax(0, 1fr));}.kb-row-layout-id56103_f32cb9-97 > .kt-row-layout-overlay{opacity:0.30;}@media all and (max-width: 1024px){.kb-row-layout-id56103_f32cb9-97 > .kt-row-column-wrap{grid-template-columns:repeat(2, minmax(0, 1fr));}}@media all and (max-width: 767px){.kb-row-layout-id56103_f32cb9-97 > .kt-row-column-wrap{grid-template-columns:minmax(0, 1fr);}}<\/style><div class=\"kb-row-layout-wrap kb-row-layout-id56103_f32cb9-97 alignnone wp-block-kadence-rowlayout\"><div class=\"kt-row-column-wrap kt-has-2-columns kt-row-layout-equal kt-tab-layout-inherit kt-mobile-layout-row kt-row-valign-top\">\n<style>.kadence-column56103_a54e22-54 > .kt-inside-inner-col{display:flex;}.kadence-column56103_a54e22-54 > .kt-inside-inner-col{padding-top:var(--global-kb-spacing-xs, 1rem);}.kadence-column56103_a54e22-54 > .kt-inside-inner-col{border-top:1px solid #F5AF00;border-right:1px solid #F5AF00;border-bottom:1px solid #F5AF00;border-left:1px solid #F5AF00;}.kadence-column56103_a54e22-54 > .kt-inside-inner-col,.kadence-column56103_a54e22-54 > .kt-inside-inner-col:before{border-top-left-radius:0px;border-top-right-radius:0px;border-bottom-right-radius:0px;border-bottom-left-radius:0px;}.kadence-column56103_a54e22-54 > .kt-inside-inner-col{column-gap:var(--global-kb-gap-sm, 1rem);}.kadence-column56103_a54e22-54 > .kt-inside-inner-col{flex-direction:column;justify-content:center;}.kadence-column56103_a54e22-54 > .kt-inside-inner-col > .aligncenter{width:100%;}.kt-row-column-wrap > .kadence-column56103_a54e22-54{align-self:center;}.kt-inner-column-height-full:not(.kt-has-1-columns) > .wp-block-kadence-column.kadence-column56103_a54e22-54{align-self:auto;}.kt-inner-column-height-full:not(.kt-has-1-columns) > .wp-block-kadence-column.kadence-column56103_a54e22-54 > .kt-inside-inner-col{flex-direction:column;justify-content:center;}.kadence-column56103_a54e22-54 > .kt-inside-inner-col:before{opacity:0.3;}.kadence-column56103_a54e22-54{position:relative;}@media all and (max-width: 1024px){.kadence-column56103_a54e22-54 > .kt-inside-inner-col{border-top:1px solid #F5AF00;border-right:1px solid #F5AF00;border-bottom:1px solid #F5AF00;border-left:1px solid #F5AF00;flex-direction:column;justify-content:center;}}@media all and (max-width: 1024px){.kt-row-column-wrap > .kadence-column56103_a54e22-54{align-self:center;}}@media all and (max-width: 1024px){.kt-inner-column-height-full:not(.kt-has-1-columns) > .wp-block-kadence-column.kadence-column56103_a54e22-54{align-self:auto;}}@media all and (max-width: 1024px){.kt-inner-column-height-full:not(.kt-has-1-columns) > .wp-block-kadence-column.kadence-column56103_a54e22-54 > .kt-inside-inner-col{flex-direction:column;justify-content:center;}}@media all and (max-width: 767px){.kadence-column56103_a54e22-54 > .kt-inside-inner-col{border-top:1px solid #F5AF00;border-right:1px solid #F5AF00;border-bottom:1px solid #F5AF00;border-left:1px solid #F5AF00;flex-direction:column;justify-content:center;}.kt-row-column-wrap > .kadence-column56103_a54e22-54{align-self:center;}.kt-inner-column-height-full:not(.kt-has-1-columns) > .wp-block-kadence-column.kadence-column56103_a54e22-54{align-self:auto;}.kt-inner-column-height-full:not(.kt-has-1-columns) > .wp-block-kadence-column.kadence-column56103_a54e22-54 > .kt-inside-inner-col{flex-direction:column;justify-content:center;}}<\/style>\n<div class=\"wp-block-kadence-column kadence-column56103_a54e22-54\"><div class=\"kt-inside-inner-col\">\n<p class=\"has-text-align-center wp-block-paragraph\"><strong>Bud\u00faca prv\u00e1\u010dka, bud\u00faci prv\u00e1k!<\/strong><\/p>\n\n\n\n<p class=\"has-text-align-center wp-block-paragraph\">Nestihli ste sa zaregistrova\u0165 na imatrikul\u00e1ciu prv\u00e1kov?<br><strong>Registr\u00e1cia je pred\u013a\u017een\u00e1 do 5. 9. 2026!<\/strong>&nbsp;\ud83c\udf89<br>M\u00e1te teda e\u0161te \u0161ancu prihl\u00e1si\u0165 sa a by\u0165 s\u00fa\u010das\u0165ou tejto v\u00fdnimo\u010dnej udalosti. \u2764\ufe0f<br>\u23f0 Neodkladajte to na posledn\u00fa chv\u00ed\u013eu \u2013 zaregistrujte sa \u010do najsk\u00f4r!<br><a href=\"https:\/\/forms.cloud.microsoft\/e\/U6gAXyQEte?fbclid=IwcGRvZgFleHRuA2FlbQIxMABzcnRjBmFwcF9pZBAyMjIwMzkxNzg4MjAwODkyAAEeI5XOWKYAVZ6deWTkw_NiZatP6tmnAfK_H0ef7jysWR-c4J7YOkYeLjOgfE4_aem_yzkgt9e9A-MjMXIzF3MIAg\" target=\"_blank\" rel=\"noopener\">https:\/\/forms.cloud.microsoft\/e\/U6gAXyQEte<\/a><\/p>\n\n\n\n<p class=\"has-text-align-center wp-block-paragraph\">Te\u0161\u00edme sa na v\u00e1s 11. 9. 2026 od 9:00 hod.<\/p>\n\n\n\n<figure class=\"wp-block-image size-large\"><img loading=\"lazy\" decoding=\"async\" width=\"1024\" height=\"350\" src=\"https:\/\/www.upjs.sk\/app\/uploads\/sites\/7\/2026\/08\/vbanner-imatrikulacia-2026-predlzenie-registracie-1024x350.png\" alt=\"\" class=\"wp-image-60759\" srcset=\"https:\/\/www.upjs.sk\/app\/uploads\/sites\/7\/2026\/08\/vbanner-imatrikulacia-2026-predlzenie-registracie-1024x350.png 1024w, https:\/\/www.upjs.sk\/app\/uploads\/sites\/7\/2026\/08\/vbanner-imatrikulacia-2026-predlzenie-registracie-300x103.png 300w, https:\/\/www.upjs.sk\/app\/uploads\/sites\/7\/2026\/08\/vbanner-imatrikulacia-2026-predlzenie-registracie-768x263.png 768w, https:\/\/www.upjs.sk\/app\/uploads\/sites\/7\/2026\/08\/vbanner-imatrikulacia-2026-predlzenie-registracie.png 1170w\" sizes=\"auto, (max-width: 1024px) 100vw, 1024px\" \/><\/figure>\n<\/div><\/div>\n\n\n<style>.kadence-column56103_29d5bb-b8 > .kt-inside-inner-col{display:flex;}.kadence-column56103_29d5bb-b8 > .kt-inside-inner-col,.kadence-column56103_29d5bb-b8 > .kt-inside-inner-col:before{border-top-left-radius:0px;border-top-right-radius:0px;border-bottom-right-radius:0px;border-bottom-left-radius:0px;}.kadence-column56103_29d5bb-b8 > .kt-inside-inner-col{column-gap:var(--global-kb-gap-sm, 1rem);}.kadence-column56103_29d5bb-b8 > .kt-inside-inner-col{flex-direction:column;justify-content:center;}.kadence-column56103_29d5bb-b8 > .kt-inside-inner-col > .aligncenter{width:100%;}.kt-row-column-wrap > .kadence-column56103_29d5bb-b8{align-self:center;}.kt-inner-column-height-full:not(.kt-has-1-columns) > .wp-block-kadence-column.kadence-column56103_29d5bb-b8{align-self:auto;}.kt-inner-column-height-full:not(.kt-has-1-columns) > .wp-block-kadence-column.kadence-column56103_29d5bb-b8 > .kt-inside-inner-col{flex-direction:column;justify-content:center;}.kadence-column56103_29d5bb-b8 > .kt-inside-inner-col:before{opacity:0.3;}.kadence-column56103_29d5bb-b8{position:relative;}@media all and (max-width: 1024px){.kt-row-column-wrap > .kadence-column56103_29d5bb-b8{align-self:center;}}@media all and (max-width: 1024px){.kt-inner-column-height-full:not(.kt-has-1-columns) > .wp-block-kadence-column.kadence-column56103_29d5bb-b8{align-self:auto;}}@media all and (max-width: 1024px){.kt-inner-column-height-full:not(.kt-has-1-columns) > .wp-block-kadence-column.kadence-column56103_29d5bb-b8 > .kt-inside-inner-col{flex-direction:column;justify-content:center;}}@media all and (max-width: 1024px){.kadence-column56103_29d5bb-b8 > .kt-inside-inner-col{flex-direction:column;justify-content:center;}}@media all and (max-width: 767px){.kt-row-column-wrap > .kadence-column56103_29d5bb-b8{align-self:center;}.kt-inner-column-height-full:not(.kt-has-1-columns) > .wp-block-kadence-column.kadence-column56103_29d5bb-b8{align-self:auto;}.kt-inner-column-height-full:not(.kt-has-1-columns) > .wp-block-kadence-column.kadence-column56103_29d5bb-b8 > .kt-inside-inner-col{flex-direction:column;justify-content:center;}.kadence-column56103_29d5bb-b8 > .kt-inside-inner-col{flex-direction:column;justify-content:center;}}<\/style>\n<div class=\"wp-block-kadence-column kadence-column56103_29d5bb-b8\"><div class=\"kt-inside-inner-col\">\n<figure class=\"wp-block-image aligncenter size-full is-resized\"><a href=\"https:\/\/www.upjs.sk\/app\/uploads\/sites\/7\/2026\/08\/Imatrikulacia1bc-2026-program.jpg\" target=\"_blank\" rel=\" noopener\"><img loading=\"lazy\" decoding=\"async\" width=\"1000\" height=\"1000\" src=\"https:\/\/www.upjs.sk\/app\/uploads\/sites\/7\/2026\/08\/Imatrikulacia1bc-2026-program.jpg\" alt=\"\" class=\"wp-image-60816\" style=\"width:463px;height:auto\" srcset=\"https:\/\/www.upjs.sk\/app\/uploads\/sites\/7\/2026\/08\/Imatrikulacia1bc-2026-program.jpg 1000w, https:\/\/www.upjs.sk\/app\/uploads\/sites\/7\/2026\/08\/Imatrikulacia1bc-2026-program-300x300.jpg 300w, https:\/\/www.upjs.sk\/app\/uploads\/sites\/7\/2026\/08\/Imatrikulacia1bc-2026-program-150x150.jpg 150w, https:\/\/www.upjs.sk\/app\/uploads\/sites\/7\/2026\/08\/Imatrikulacia1bc-2026-program-768x768.jpg 768w\" sizes=\"auto, (max-width: 1000px) 100vw, 1000px\" \/><\/a><\/figure>\n<\/div><\/div>\n\n<\/div><\/div>","protected":false},"excerpt":{"rendered":"<p>Bud\u00faca prv\u00e1\u010dka, bud\u00faci prv\u00e1k! Nestihli ste sa zaregistrova\u0165 na imatrikul\u00e1ciu prv\u00e1kov?Registr\u00e1cia je pred\u013a\u017een\u00e1 do 5. 9. 2026!&nbsp;\ud83c\udf89M\u00e1te teda e\u0161te \u0161ancu prihl\u00e1si\u0165 sa a by\u0165 s\u00fa\u010das\u0165ou tejto v\u00fdnimo\u010dnej udalosti. \u2764\ufe0f\u23f0 Neodkladajte to na posledn\u00fa chv\u00ed\u013eu \u2013 zaregistrujte sa \u010do najsk\u00f4r!https:\/\/forms.cloud.microsoft\/e\/U6gAXyQEte Te\u0161\u00edme sa na v\u00e1s 11. 9. 2026 od 9:00 hod.<\/p>\n","protected":false},"author":21,"featured_media":0,"comment_status":"open","ping_status":"open","sticky":false,"template":"","format":"standard","meta":{"_acf_changed":false,"footnotes":""},"categories":[1],"tags":[],"class_list":["post-56103","post","type-post","status-publish","format-standard","hentry","category-uncategorized-sk"],"acf":{"acf_link_na_externy_obsah":""},"yoast_head":"<!-- This site is optimized with the Yoast SEO plugin v28.3 - https:\/\/yoast.com\/product\/yoast-seo-wordpress\/ -->\n<title>Imatrikul\u00e1cia prv\u00e1kov 2026 - Filozofick\u00e1 fakulta | UPJ\u0160<\/title>\n<meta name=\"robots\" content=\"index, follow, max-snippet:-1, max-image-preview:large, max-video-preview:-1\" \/>\n<link rel=\"canonical\" href=\"https:\/\/www.upjs.sk\/filozoficka-fakulta\/imatrikulacia-1bc-2026\/\" \/>\n<meta property=\"og:locale\" content=\"sk_SK\" \/>\n<meta property=\"og:type\" content=\"article\" \/>\n<meta property=\"og:title\" content=\"Imatrikul\u00e1cia prv\u00e1kov 2026 - Filozofick\u00e1 fakulta | UPJ\u0160\" \/>\n<meta property=\"og:description\" content=\"Bud\u00faca prv\u00e1\u010dka, bud\u00faci prv\u00e1k! Nestihli ste sa zaregistrova\u0165 na imatrikul\u00e1ciu prv\u00e1kov?Registr\u00e1cia je pred\u013a\u017een\u00e1 do 5. 9. 2026!&nbsp;\ud83c\udf89M\u00e1te teda e\u0161te \u0161ancu prihl\u00e1si\u0165 sa a by\u0165 s\u00fa\u010das\u0165ou tejto v\u00fdnimo\u010dnej udalosti. \u2764\ufe0f\u23f0 Neodkladajte to na posledn\u00fa chv\u00ed\u013eu \u2013 zaregistrujte sa \u010do najsk\u00f4r!https:\/\/forms.cloud.microsoft\/e\/U6gAXyQEte Te\u0161\u00edme sa na v\u00e1s 11. 9. 2026 od 9:00 hod.\" \/>\n<meta property=\"og:url\" content=\"https:\/\/www.upjs.sk\/filozoficka-fakulta\/imatrikulacia-1bc-2026\/\" \/>\n<meta property=\"og:site_name\" content=\"Filozofick\u00e1 fakulta | UPJ\u0160\" \/>\n<meta property=\"article:published_time\" content=\"2026-08-26T07:17:55+00:00\" \/>\n<meta property=\"article:modified_time\" content=\"2026-08-26T08:47:49+00:00\" \/>\n<meta property=\"og:image\" content=\"https:\/\/www.upjs.sk\/app\/uploads\/sites\/7\/2026\/08\/vbanner-imatrikulacia-2026-predlzenie-registracie.png\" \/>\n\t<meta property=\"og:image:width\" content=\"1170\" \/>\n\t<meta property=\"og:image:height\" content=\"400\" \/>\n\t<meta property=\"og:image:type\" content=\"image\/png\" \/>\n<meta name=\"author\" content=\"Em\u00edlia Sot\u00e1kov\u00e1\" \/>\n<meta name=\"twitter:card\" content=\"summary_large_image\" \/>\n<meta name=\"twitter:label1\" content=\"Autor\" \/>\n\t<meta name=\"twitter:data1\" content=\"Em\u00edlia Sot\u00e1kov\u00e1\" \/>\n\t<meta name=\"twitter:label2\" content=\"Predpokladan\u00fd \u010das \u010d\u00edtania\" \/>\n\t<meta name=\"twitter:data2\" content=\"1 min\u00fata\" \/>\n<script type=\"application\/ld+json\" class=\"yoast-schema-graph\">{\"@context\":\"https:\\\/\\\/schema.org\",\"@graph\":[{\"@type\":\"Article\",\"@id\":\"https:\\\/\\\/www.upjs.sk\\\/filozoficka-fakulta\\\/imatrikulacia-1bc-2026\\\/#article\",\"isPartOf\":{\"@id\":\"https:\\\/\\\/www.upjs.sk\\\/filozoficka-fakulta\\\/imatrikulacia-1bc-2026\\\/\"},\"author\":{\"name\":\"Em\u00edlia Sot\u00e1kov\u00e1\",\"@id\":\"https:\\\/\\\/www.upjs.sk\\\/filozoficka-fakulta\\\/#\\\/schema\\\/person\\\/98b495dc454004dbbe16aed3c4a9e2f4\"},\"headline\":\"Imatrikul\u00e1cia prv\u00e1kov 2026\",\"datePublished\":\"2026-08-26T07:17:55+00:00\",\"dateModified\":\"2026-08-26T08:47:49+00:00\",\"mainEntityOfPage\":{\"@id\":\"https:\\\/\\\/www.upjs.sk\\\/filozoficka-fakulta\\\/imatrikulacia-1bc-2026\\\/\"},\"wordCount\":73,\"commentCount\":0,\"publisher\":{\"@id\":\"https:\\\/\\\/www.upjs.sk\\\/filozoficka-fakulta\\\/#organization\"},\"image\":{\"@id\":\"https:\\\/\\\/www.upjs.sk\\\/filozoficka-fakulta\\\/imatrikulacia-1bc-2026\\\/#primaryimage\"},\"thumbnailUrl\":\"https:\\\/\\\/www.upjs.sk\\\/app\\\/uploads\\\/sites\\\/7\\\/2026\\\/08\\\/vbanner-imatrikulacia-2026-predlzenie-registracie-1024x350.png\",\"articleSection\":[\"Uncategorized @sk\"],\"inLanguage\":\"sk-SK\",\"potentialAction\":[{\"@type\":\"CommentAction\",\"name\":\"Comment\",\"target\":[\"https:\\\/\\\/www.upjs.sk\\\/filozoficka-fakulta\\\/imatrikulacia-1bc-2026\\\/#respond\"]}]},{\"@type\":\"WebPage\",\"@id\":\"https:\\\/\\\/www.upjs.sk\\\/filozoficka-fakulta\\\/imatrikulacia-1bc-2026\\\/\",\"url\":\"https:\\\/\\\/www.upjs.sk\\\/filozoficka-fakulta\\\/imatrikulacia-1bc-2026\\\/\",\"name\":\"Imatrikul\u00e1cia prv\u00e1kov 2026 - Filozofick\u00e1 fakulta | UPJ\u0160\",\"isPartOf\":{\"@id\":\"https:\\\/\\\/www.upjs.sk\\\/filozoficka-fakulta\\\/#website\"},\"primaryImageOfPage\":{\"@id\":\"https:\\\/\\\/www.upjs.sk\\\/filozoficka-fakulta\\\/imatrikulacia-1bc-2026\\\/#primaryimage\"},\"image\":{\"@id\":\"https:\\\/\\\/www.upjs.sk\\\/filozoficka-fakulta\\\/imatrikulacia-1bc-2026\\\/#primaryimage\"},\"thumbnailUrl\":\"https:\\\/\\\/www.upjs.sk\\\/app\\\/uploads\\\/sites\\\/7\\\/2026\\\/08\\\/vbanner-imatrikulacia-2026-predlzenie-registracie-1024x350.png\",\"datePublished\":\"2026-08-26T07:17:55+00:00\",\"dateModified\":\"2026-08-26T08:47:49+00:00\",\"breadcrumb\":{\"@id\":\"https:\\\/\\\/www.upjs.sk\\\/filozoficka-fakulta\\\/imatrikulacia-1bc-2026\\\/#breadcrumb\"},\"inLanguage\":\"sk-SK\",\"potentialAction\":[{\"@type\":\"ReadAction\",\"target\":[\"https:\\\/\\\/www.upjs.sk\\\/filozoficka-fakulta\\\/imatrikulacia-1bc-2026\\\/\"]}]},{\"@type\":\"ImageObject\",\"inLanguage\":\"sk-SK\",\"@id\":\"https:\\\/\\\/www.upjs.sk\\\/filozoficka-fakulta\\\/imatrikulacia-1bc-2026\\\/#primaryimage\",\"url\":\"https:\\\/\\\/www.upjs.sk\\\/app\\\/uploads\\\/sites\\\/7\\\/2026\\\/08\\\/vbanner-imatrikulacia-2026-predlzenie-registracie-1024x350.png\",\"contentUrl\":\"https:\\\/\\\/www.upjs.sk\\\/app\\\/uploads\\\/sites\\\/7\\\/2026\\\/08\\\/vbanner-imatrikulacia-2026-predlzenie-registracie-1024x350.png\"},{\"@type\":\"BreadcrumbList\",\"@id\":\"https:\\\/\\\/www.upjs.sk\\\/filozoficka-fakulta\\\/imatrikulacia-1bc-2026\\\/#breadcrumb\",\"itemListElement\":[{\"@type\":\"ListItem\",\"position\":1,\"name\":\"Home\",\"item\":\"https:\\\/\\\/www.upjs.sk\\\/filozoficka-fakulta\\\/\"},{\"@type\":\"ListItem\",\"position\":2,\"name\":\"Imatrikul\u00e1cia prv\u00e1kov 2026\"}]},{\"@type\":\"WebSite\",\"@id\":\"https:\\\/\\\/www.upjs.sk\\\/filozoficka-fakulta\\\/#website\",\"url\":\"https:\\\/\\\/www.upjs.sk\\\/filozoficka-fakulta\\\/\",\"name\":\"Filozofick\u00e1 fakulta | UPJ\u0160\",\"description\":\"\",\"publisher\":{\"@id\":\"https:\\\/\\\/www.upjs.sk\\\/filozoficka-fakulta\\\/#organization\"},\"potentialAction\":[{\"@type\":\"SearchAction\",\"target\":{\"@type\":\"EntryPoint\",\"urlTemplate\":\"https:\\\/\\\/www.upjs.sk\\\/filozoficka-fakulta\\\/?s={search_term_string}\"},\"query-input\":{\"@type\":\"PropertyValueSpecification\",\"valueRequired\":true,\"valueName\":\"search_term_string\"}}],\"inLanguage\":\"sk-SK\"},{\"@type\":\"Organization\",\"@id\":\"https:\\\/\\\/www.upjs.sk\\\/filozoficka-fakulta\\\/#organization\",\"name\":\"Filozofick\u00e1 fakulta | UPJ\u0160\",\"url\":\"https:\\\/\\\/www.upjs.sk\\\/filozoficka-fakulta\\\/\",\"logo\":{\"@type\":\"ImageObject\",\"inLanguage\":\"sk-SK\",\"@id\":\"https:\\\/\\\/www.upjs.sk\\\/filozoficka-fakulta\\\/#\\\/schema\\\/logo\\\/image\\\/\",\"url\":\"https:\\\/\\\/www.upjs.sk\\\/app\\\/uploads\\\/sites\\\/7\\\/2022\\\/09\\\/logo-filozoficka-fakulta.png\",\"contentUrl\":\"https:\\\/\\\/www.upjs.sk\\\/app\\\/uploads\\\/sites\\\/7\\\/2022\\\/09\\\/logo-filozoficka-fakulta.png\",\"width\":415,\"height\":87,\"caption\":\"Filozofick\u00e1 fakulta | UPJ\u0160\"},\"image\":{\"@id\":\"https:\\\/\\\/www.upjs.sk\\\/filozoficka-fakulta\\\/#\\\/schema\\\/logo\\\/image\\\/\"}},{\"@type\":\"Person\",\"@id\":\"https:\\\/\\\/www.upjs.sk\\\/filozoficka-fakulta\\\/#\\\/schema\\\/person\\\/98b495dc454004dbbe16aed3c4a9e2f4\",\"name\":\"Em\u00edlia Sot\u00e1kov\u00e1\",\"image\":{\"@type\":\"ImageObject\",\"inLanguage\":\"sk-SK\",\"@id\":\"https:\\\/\\\/secure.gravatar.com\\\/avatar\\\/2442c40e56d4c7b7b48805b4d59f91e4872b2adb95136070a1edc7c0f7c5a474?s=96&d=mm&r=g\",\"url\":\"https:\\\/\\\/secure.gravatar.com\\\/avatar\\\/2442c40e56d4c7b7b48805b4d59f91e4872b2adb95136070a1edc7c0f7c5a474?s=96&d=mm&r=g\",\"contentUrl\":\"https:\\\/\\\/secure.gravatar.com\\\/avatar\\\/2442c40e56d4c7b7b48805b4d59f91e4872b2adb95136070a1edc7c0f7c5a474?s=96&d=mm&r=g\",\"caption\":\"Em\u00edlia Sot\u00e1kov\u00e1\"},\"url\":\"https:\\\/\\\/www.upjs.sk\\\/filozoficka-fakulta\\\/author\\\/sotakova\\\/\"}]}<\/script>\n<!-- \/ Yoast SEO plugin. -->","yoast_head_json":{"title":"Imatrikul\u00e1cia prv\u00e1kov 2026 - Filozofick\u00e1 fakulta | UPJ\u0160","robots":{"index":"index","follow":"follow","max-snippet":"max-snippet:-1","max-image-preview":"max-image-preview:large","max-video-preview":"max-video-preview:-1"},"canonical":"https:\/\/www.upjs.sk\/filozoficka-fakulta\/imatrikulacia-1bc-2026\/","og_locale":"sk_SK","og_type":"article","og_title":"Imatrikul\u00e1cia prv\u00e1kov 2026 - Filozofick\u00e1 fakulta | UPJ\u0160","og_description":"Bud\u00faca prv\u00e1\u010dka, bud\u00faci prv\u00e1k! Nestihli ste sa zaregistrova\u0165 na imatrikul\u00e1ciu prv\u00e1kov?Registr\u00e1cia je pred\u013a\u017een\u00e1 do 5. 9. 2026!&nbsp;\ud83c\udf89M\u00e1te teda e\u0161te \u0161ancu prihl\u00e1si\u0165 sa a by\u0165 s\u00fa\u010das\u0165ou tejto v\u00fdnimo\u010dnej udalosti. \u2764\ufe0f\u23f0 Neodkladajte to na posledn\u00fa chv\u00ed\u013eu \u2013 zaregistrujte sa \u010do najsk\u00f4r!https:\/\/forms.cloud.microsoft\/e\/U6gAXyQEte Te\u0161\u00edme sa na v\u00e1s 11. 9. 2026 od 9:00 hod.","og_url":"https:\/\/www.upjs.sk\/filozoficka-fakulta\/imatrikulacia-1bc-2026\/","og_site_name":"Filozofick\u00e1 fakulta | UPJ\u0160","article_published_time":"2026-08-26T07:17:55+00:00","article_modified_time":"2026-08-26T08:47:49+00:00","og_image":[{"width":1170,"height":400,"url":"https:\/\/www.upjs.sk\/app\/uploads\/sites\/7\/2026\/08\/vbanner-imatrikulacia-2026-predlzenie-registracie.png","type":"image\/png"}],"author":"Em\u00edlia Sot\u00e1kov\u00e1","twitter_card":"summary_large_image","twitter_misc":{"Autor":"Em\u00edlia Sot\u00e1kov\u00e1","Predpokladan\u00fd \u010das \u010d\u00edtania":"1 min\u00fata"},"schema":{"@context":"https:\/\/schema.org","@graph":[{"@type":"Article","@id":"https:\/\/www.upjs.sk\/filozoficka-fakulta\/imatrikulacia-1bc-2026\/#article","isPartOf":{"@id":"https:\/\/www.upjs.sk\/filozoficka-fakulta\/imatrikulacia-1bc-2026\/"},"author":{"name":"Em\u00edlia Sot\u00e1kov\u00e1","@id":"https:\/\/www.upjs.sk\/filozoficka-fakulta\/#\/schema\/person\/98b495dc454004dbbe16aed3c4a9e2f4"},"headline":"Imatrikul\u00e1cia prv\u00e1kov 2026","datePublished":"2026-08-26T07:17:55+00:00","dateModified":"2026-08-26T08:47:49+00:00","mainEntityOfPage":{"@id":"https:\/\/www.upjs.sk\/filozoficka-fakulta\/imatrikulacia-1bc-2026\/"},"wordCount":73,"commentCount":0,"publisher":{"@id":"https:\/\/www.upjs.sk\/filozoficka-fakulta\/#organization"},"image":{"@id":"https:\/\/www.upjs.sk\/filozoficka-fakulta\/imatrikulacia-1bc-2026\/#primaryimage"},"thumbnailUrl":"https:\/\/www.upjs.sk\/app\/uploads\/sites\/7\/2026\/08\/vbanner-imatrikulacia-2026-predlzenie-registracie-1024x350.png","articleSection":["Uncategorized @sk"],"inLanguage":"sk-SK","potentialAction":[{"@type":"CommentAction","name":"Comment","target":["https:\/\/www.upjs.sk\/filozoficka-fakulta\/imatrikulacia-1bc-2026\/#respond"]}]},{"@type":"WebPage","@id":"https:\/\/www.upjs.sk\/filozoficka-fakulta\/imatrikulacia-1bc-2026\/","url":"https:\/\/www.upjs.sk\/filozoficka-fakulta\/imatrikulacia-1bc-2026\/","name":"Imatrikul\u00e1cia prv\u00e1kov 2026 - Filozofick\u00e1 fakulta | UPJ\u0160","isPartOf":{"@id":"https:\/\/www.upjs.sk\/filozoficka-fakulta\/#website"},"primaryImageOfPage":{"@id":"https:\/\/www.upjs.sk\/filozoficka-fakulta\/imatrikulacia-1bc-2026\/#primaryimage"},"image":{"@id":"https:\/\/www.upjs.sk\/filozoficka-fakulta\/imatrikulacia-1bc-2026\/#primaryimage"},"thumbnailUrl":"https:\/\/www.upjs.sk\/app\/uploads\/sites\/7\/2026\/08\/vbanner-imatrikulacia-2026-predlzenie-registracie-1024x350.png","datePublished":"2026-08-26T07:17:55+00:00","dateModified":"2026-08-26T08:47:49+00:00","breadcrumb":{"@id":"https:\/\/www.upjs.sk\/filozoficka-fakulta\/imatrikulacia-1bc-2026\/#breadcrumb"},"inLanguage":"sk-SK","potentialAction":[{"@type":"ReadAction","target":["https:\/\/www.upjs.sk\/filozoficka-fakulta\/imatrikulacia-1bc-2026\/"]}]},{"@type":"ImageObject","inLanguage":"sk-SK","@id":"https:\/\/www.upjs.sk\/filozoficka-fakulta\/imatrikulacia-1bc-2026\/#primaryimage","url":"https:\/\/www.upjs.sk\/app\/uploads\/sites\/7\/2026\/08\/vbanner-imatrikulacia-2026-predlzenie-registracie-1024x350.png","contentUrl":"https:\/\/www.upjs.sk\/app\/uploads\/sites\/7\/2026\/08\/vbanner-imatrikulacia-2026-predlzenie-registracie-1024x350.png"},{"@type":"BreadcrumbList","@id":"https:\/\/www.upjs.sk\/filozoficka-fakulta\/imatrikulacia-1bc-2026\/#breadcrumb","itemListElement":[{"@type":"ListItem","position":1,"name":"Home","item":"https:\/\/www.upjs.sk\/filozoficka-fakulta\/"},{"@type":"ListItem","position":2,"name":"Imatrikul\u00e1cia prv\u00e1kov 2026"}]},{"@type":"WebSite","@id":"https:\/\/www.upjs.sk\/filozoficka-fakulta\/#website","url":"https:\/\/www.upjs.sk\/filozoficka-fakulta\/","name":"Filozofick\u00e1 fakulta | UPJ\u0160","description":"","publisher":{"@id":"https:\/\/www.upjs.sk\/filozoficka-fakulta\/#organization"},"potentialAction":[{"@type":"SearchAction","target":{"@type":"EntryPoint","urlTemplate":"https:\/\/www.upjs.sk\/filozoficka-fakulta\/?s={search_term_string}"},"query-input":{"@type":"PropertyValueSpecification","valueRequired":true,"valueName":"search_term_string"}}],"inLanguage":"sk-SK"},{"@type":"Organization","@id":"https:\/\/www.upjs.sk\/filozoficka-fakulta\/#organization","name":"Filozofick\u00e1 fakulta | UPJ\u0160","url":"https:\/\/www.upjs.sk\/filozoficka-fakulta\/","logo":{"@type":"ImageObject","inLanguage":"sk-SK","@id":"https:\/\/www.upjs.sk\/filozoficka-fakulta\/#\/schema\/logo\/image\/","url":"https:\/\/www.upjs.sk\/app\/uploads\/sites\/7\/2022\/09\/logo-filozoficka-fakulta.png","contentUrl":"https:\/\/www.upjs.sk\/app\/uploads\/sites\/7\/2022\/09\/logo-filozoficka-fakulta.png","width":415,"height":87,"caption":"Filozofick\u00e1 fakulta | UPJ\u0160"},"image":{"@id":"https:\/\/www.upjs.sk\/filozoficka-fakulta\/#\/schema\/logo\/image\/"}},{"@type":"Person","@id":"https:\/\/www.upjs.sk\/filozoficka-fakulta\/#\/schema\/person\/98b495dc454004dbbe16aed3c4a9e2f4","name":"Em\u00edlia Sot\u00e1kov\u00e1","image":{"@type":"ImageObject","inLanguage":"sk-SK","@id":"https:\/\/secure.gravatar.com\/avatar\/2442c40e56d4c7b7b48805b4d59f91e4872b2adb95136070a1edc7c0f7c5a474?s=96&d=mm&r=g","url":"https:\/\/secure.gravatar.com\/avatar\/2442c40e56d4c7b7b48805b4d59f91e4872b2adb95136070a1edc7c0f7c5a474?s=96&d=mm&r=g","contentUrl":"https:\/\/secure.gravatar.com\/avatar\/2442c40e56d4c7b7b48805b4d59f91e4872b2adb95136070a1edc7c0f7c5a474?s=96&d=mm&r=g","caption":"Em\u00edlia Sot\u00e1kov\u00e1"},"url":"https:\/\/www.upjs.sk\/filozoficka-fakulta\/author\/sotakova\/"}]}},"_links":{"self":[{"href":"https:\/\/www.upjs.sk\/filozoficka-fakulta\/wp-json\/wp\/v2\/posts\/56103","targetHints":{"allow":["GET"]}}],"collection":[{"href":"https:\/\/www.upjs.sk\/filozoficka-fakulta\/wp-json\/wp\/v2\/posts"}],"about":[{"href":"https:\/\/www.upjs.sk\/filozoficka-fakulta\/wp-json\/wp\/v2\/types\/post"}],"author":[{"embeddable":true,"href":"https:\/\/www.upjs.sk\/filozoficka-fakulta\/wp-json\/wp\/v2\/users\/21"}],"replies":[{"embeddable":true,"href":"https:\/\/www.upjs.sk\/filozoficka-fakulta\/wp-json\/wp\/v2\/comments?post=56103"}],"version-history":[{"count":16,"href":"https:\/\/www.upjs.sk\/filozoficka-fakulta\/wp-json\/wp\/v2\/posts\/56103\/revisions"}],"predecessor-version":[{"id":60841,"href":"https:\/\/www.upjs.sk\/filozoficka-fakulta\/wp-json\/wp\/v2\/posts\/56103\/revisions\/60841"}],"wp:attachment":[{"href":"https:\/\/www.upjs.sk\/filozoficka-fakulta\/wp-json\/wp\/v2\/media?parent=56103"}],"wp:term":[{"taxonomy":"category","embeddable":true,"href":"https:\/\/www.upjs.sk\/filozoficka-fakulta\/wp-json\/wp\/v2\/categories?post=56103"},{"taxonomy":"post_tag","embeddable":true,"href":"https:\/\/www.upjs.sk\/filozoficka-fakulta\/wp-json\/wp\/v2\/tags?post=56103"}],"curies":[{"name":"wp","href":"https:\/\/api.w.org\/{rel}","templated":true}]}}