{"id":51516,"date":"2023-03-06T09:29:20","date_gmt":"2023-03-06T08:29:20","guid":{"rendered":"https:\/\/www.upjs.sk\/prirodovedecka-fakulta\/?p=51516"},"modified":"2023-05-10T08:42:37","modified_gmt":"2023-05-10T07:42:37","slug":"10-maj-2023-slavnostne-zasadnutie-vr-pf-upjs","status":"publish","type":"post","link":"https:\/\/www.upjs.sk\/prirodovedecka-fakulta\/10-maj-2023-slavnostne-zasadnutie-vr-pf-upjs\/","title":{"rendered":"10. M\u00e1j 2023 &#8211; Sl\u00e1vnostn\u00e9 zasadnutie Vedeckej rady \u00a0"},"content":{"rendered":"<style>.kb-row-layout-id_c42ed1-a0 > .kt-row-column-wrap{align-content:start;}:where(.kb-row-layout-id_c42ed1-a0 > .kt-row-column-wrap) > .wp-block-kadence-column{justify-content:start;}.kb-row-layout-id_c42ed1-a0 > .kt-row-column-wrap{column-gap:var(--global-kb-gap-md, 2rem);row-gap:var(--global-kb-gap-md, 2rem);padding-top:var(--global-kb-spacing-sm, 1.5rem);padding-bottom:var(--global-kb-spacing-sm, 1.5rem);grid-template-columns:minmax(0, 1fr);}.kb-row-layout-id_c42ed1-a0 > .kt-row-layout-overlay{opacity:0.30;}@media all and (max-width: 1024px){.kb-row-layout-id_c42ed1-a0 > .kt-row-column-wrap{grid-template-columns:minmax(0, 1fr);}}@media all and (max-width: 767px){.kb-row-layout-id_c42ed1-a0 > .kt-row-column-wrap{grid-template-columns:minmax(0, 1fr);}}<\/style><div class=\"kb-row-layout-wrap kb-row-layout-id_c42ed1-a0 alignnone wp-block-kadence-rowlayout\"><div class=\"kt-row-column-wrap kt-has-1-columns kt-row-layout-equal kt-tab-layout-inherit kt-mobile-layout-row kt-row-valign-top\">\n<style>.kadence-column_983cf3-4b > .kt-inside-inner-col{border-top:3px double #C19152;border-right:3px double #C19152;border-bottom:3px double #C19152;border-left:3px double #C19152;}.kadence-column_983cf3-4b > .kt-inside-inner-col,.kadence-column_983cf3-4b > .kt-inside-inner-col:before{border-top-left-radius:5px;border-top-right-radius:5px;border-bottom-right-radius:5px;border-bottom-left-radius:5px;}.kadence-column_983cf3-4b > .kt-inside-inner-col{column-gap:var(--global-kb-gap-sm, 1rem);}.kadence-column_983cf3-4b > .kt-inside-inner-col{flex-direction:column;}.kadence-column_983cf3-4b > .kt-inside-inner-col > .aligncenter{width:100%;}.kadence-column_983cf3-4b > .kt-inside-inner-col{background-image:url('https:\/\/www.upjs.sk\/app\/uploads\/sites\/10\/2023\/03\/VR-60-vyrocie-archiv1.jpg');background-size:cover;background-position:51% 56.00000000000001%;background-attachment:scroll;background-repeat:no-repeat;}.kadence-column_983cf3-4b > .kt-inside-inner-col:before{opacity:0.3;}.kadence-column_983cf3-4b{position:relative;}@media all and (max-width: 1024px){.kadence-column_983cf3-4b > .kt-inside-inner-col{border-top:3px double #C19152;border-right:3px double #C19152;border-bottom:3px double #C19152;border-left:3px double #C19152;flex-direction:column;justify-content:center;}}@media all and (max-width: 767px){.kadence-column_983cf3-4b > .kt-inside-inner-col{border-top:3px double #C19152;border-right:3px double #C19152;border-bottom:3px double #C19152;border-left:3px double #C19152;flex-direction:column;justify-content:center;}}<\/style>\n<div class=\"wp-block-kadence-column kadence-column_983cf3-4b\"><div class=\"kt-inside-inner-col\"><style>.kadence-column_c23eb5-28 > .kt-inside-inner-col{padding-top:var(--global-kb-spacing-xxs, 0.5rem);padding-left:var(--global-kb-spacing-xs, 1rem);}.kadence-column_c23eb5-28 > .kt-inside-inner-col,.kadence-column_c23eb5-28 > .kt-inside-inner-col:before{border-top-left-radius:0px;border-top-right-radius:0px;border-bottom-right-radius:0px;border-bottom-left-radius:0px;}.kadence-column_c23eb5-28 > .kt-inside-inner-col{column-gap:var(--global-kb-gap-sm, 1rem);}.kadence-column_c23eb5-28 > .kt-inside-inner-col{flex-direction:column;}.kadence-column_c23eb5-28 > .kt-inside-inner-col > .aligncenter{width:100%;}.kadence-column_c23eb5-28 > .kt-inside-inner-col:before{opacity:0.3;}.kadence-column_c23eb5-28{position:relative;}@media all and (max-width: 1024px){.kadence-column_c23eb5-28 > .kt-inside-inner-col{flex-direction:column;justify-content:center;}}@media all and (max-width: 767px){.kadence-column_c23eb5-28 > .kt-inside-inner-col{flex-direction:column;justify-content:center;}}<\/style>\n<div class=\"wp-block-kadence-column kadence-column_c23eb5-28\"><div class=\"kt-inside-inner-col\">\n<p class=\"has-biela-color has-text-color has-large-font-size\"><strong>Sl\u00e1vnostn\u00e9 zasadnutie <\/strong><\/p>\n\n\n\n<p class=\"has-biela-color has-text-color has-large-font-size\"><strong>VR PF UPJ\u0160<\/strong><\/p>\n\n\n\n<div style=\"height:60px\" aria-hidden=\"true\" class=\"wp-block-spacer\"><\/div>\n<\/div><\/div>\n<\/div><\/div>\n\n<\/div><\/div>\n\n<style>.kb-row-layout-id_dde411-f6 > .kt-row-column-wrap{align-content:start;}:where(.kb-row-layout-id_dde411-f6 > .kt-row-column-wrap) > .wp-block-kadence-column{justify-content:start;}.kb-row-layout-id_dde411-f6 > .kt-row-column-wrap{column-gap:var(--global-kb-gap-md, 2rem);row-gap:var(--global-kb-gap-md, 2rem);padding-top:var(--global-kb-spacing-sm, 1.5rem);padding-bottom:var(--global-kb-spacing-sm, 1.5rem);grid-template-columns:minmax(0, 1fr);}.kb-row-layout-id_dde411-f6 > .kt-row-layout-overlay{opacity:0.30;}@media all and (max-width: 1024px){.kb-row-layout-id_dde411-f6 > .kt-row-column-wrap{grid-template-columns:minmax(0, 1fr);}}@media all and (max-width: 767px){.kb-row-layout-id_dde411-f6 > .kt-row-column-wrap{grid-template-columns:minmax(0, 1fr);}}<\/style><div class=\"kb-row-layout-wrap kb-row-layout-id_dde411-f6 alignnone wp-block-kadence-rowlayout\"><div class=\"kt-row-column-wrap kt-has-1-columns kt-row-layout-equal kt-tab-layout-inherit kt-mobile-layout-row kt-row-valign-top\">\n<style>.kadence-column_cb2579-51 > .kt-inside-inner-col{padding-top:var(--global-kb-spacing-xxs, 0.5rem);padding-right:var(--global-kb-spacing-xxs, 0.5rem);padding-left:var(--global-kb-spacing-xxs, 0.5rem);}.kadence-column_cb2579-51 > .kt-inside-inner-col{box-shadow:5px 5px 8px 0px #C19152;border-top:0px double rgba(0,131,56,0);border-right:0px double rgba(0,131,56,0);border-bottom:0px double rgba(0,131,56,0);border-left:0px double rgba(0,131,56,0);}.kadence-column_cb2579-51 > .kt-inside-inner-col,.kadence-column_cb2579-51 > .kt-inside-inner-col:before{border-top-left-radius:5px;border-top-right-radius:5px;border-bottom-right-radius:5px;border-bottom-left-radius:5px;}.kadence-column_cb2579-51 > .kt-inside-inner-col{column-gap:var(--global-kb-gap-sm, 1rem);}.kadence-column_cb2579-51 > .kt-inside-inner-col{flex-direction:column;}.kadence-column_cb2579-51 > .kt-inside-inner-col > .aligncenter{width:100%;}.kadence-column_cb2579-51 > .kt-inside-inner-col:before{opacity:0.3;}.kadence-column_cb2579-51{position:relative;}.kadence-column_cb2579-51, .kt-inside-inner-col > .kadence-column_cb2579-51:not(.specificity){margin-right:0px;margin-left:0px;}@media all and (max-width: 1024px){.kadence-column_cb2579-51 > .kt-inside-inner-col{border-top:0px double rgba(0,131,56,0);border-right:0px double rgba(0,131,56,0);border-bottom:0px double rgba(0,131,56,0);border-left:0px double rgba(0,131,56,0);flex-direction:column;justify-content:center;}}@media all and (max-width: 767px){.kadence-column_cb2579-51 > .kt-inside-inner-col{border-top:0px double rgba(0,131,56,0);border-right:0px double rgba(0,131,56,0);border-bottom:0px double rgba(0,131,56,0);border-left:0px double rgba(0,131,56,0);flex-direction:column;justify-content:center;}}<\/style>\n<div class=\"wp-block-kadence-column kadence-column_cb2579-51\"><div class=\"kt-inside-inner-col\">\n<p class=\"has-text-align-center has-medium-font-size\">\u010cas konania: 10.30 h<\/p>\n\n\n\n<p class=\"has-text-align-center has-medium-font-size\">Miesto konania: <a href=\"http:\/\/www.sdke.sk\/sk\/uvod\" class=\"ek-link\">N\u00e1rodn\u00e9 divadlo v\u00a0Ko\u0161iciach<\/a>, Hlavn\u00e1 58 \u00a0<\/p>\n\n\n\n<p class=\"has-text-align-center has-medium-font-size\">Program:<\/p>\n\n\n\n<p style=\"text-align: center;\">\u25b9&nbsp;Otvorenie<br>\u25b9 Sl\u00e1vnostn\u00fd pr\u00edhovor dekana fakulty<br>\u25b9 Odovzdanie medail\u00ed PF UPJ\u0160<br>\u25b9 Sl\u00e1vnostn\u00e9 matin\u00e9<\/p>\n<\/div><\/div>\n\n<\/div><\/div>\n\n<style>.wp-block-kadence-spacer.kt-block-spacer-_5def31-c5 .kt-block-spacer{height:28px;}.wp-block-kadence-spacer.kt-block-spacer-_5def31-c5 .kt-divider{border-top-width:1px;height:1px;border-top-color:#D6D6D6;width:80%;border-top-style:solid;}<\/style>\n<div class=\"wp-block-kadence-spacer aligncenter kt-block-spacer-_5def31-c5\"><div class=\"kt-block-spacer kt-block-spacer-halign-center\"><hr class=\"kt-divider\"\/><\/div><\/div>\n\n\n\n<h5 class=\"has-text-align-center has-prirodovedecka-f-color has-text-color wp-block-heading\">Fotogal\u00e9ria z arch\u00edvu<\/h5>\n\n\n<style>.kt-svg-icons_a782dc-93 .kt-svg-item-0 .kb-svg-icon-wrap{color:var(--global-palette4, #2D3748);font-size:50px;}.wp-block-kadence-icon.kt-svg-icons_a782dc-93{justify-content:center;}<\/style>\n<div class=\"wp-block-kadence-icon kt-svg-icons kt-svg-icons_a782dc-93 alignnone\"><style>.kt-svg-item-_b3b3cd-99 .kb-svg-icon-wrap, .kt-svg-style-stacked.kt-svg-item-_b3b3cd-99 .kb-svg-icon-wrap{color:#008338;font-size:19px;}<\/style>\n<div class=\"kt-svg-style-default kt-svg-icon-wrap kt-svg-item-_b3b3cd-99\"><span class=\"kb-svg-icon-wrap kb-svg-icon-fas_angle-double-down\"><svg viewBox=\"0 0 320 512\"  fill=\"currentColor\" xmlns=\"http:\/\/www.w3.org\/2000\/svg\"  aria-hidden=\"true\"><path d=\"M143 256.3L7 120.3c-9.4-9.4-9.4-24.6 0-33.9l22.6-22.6c9.4-9.4 24.6-9.4 33.9 0l96.4 96.4 96.4-96.4c9.4-9.4 24.6-9.4 33.9 0L313 86.3c9.4 9.4 9.4 24.6 0 33.9l-136 136c-9.4 9.5-24.6 9.5-34 .1zm34 192l136-136c9.4-9.4 9.4-24.6 0-33.9l-22.6-22.6c-9.4-9.4-24.6-9.4-33.9 0L160 352.1l-96.4-96.4c-9.4-9.4-24.6-9.4-33.9 0L7 278.3c-9.4 9.4-9.4 24.6 0 33.9l136 136c9.4 9.5 24.6 9.5 34 .1z\"\/><\/svg><\/span><\/div>\n<\/div>\n","protected":false},"excerpt":{"rendered":"<p>N\u00e1rodn\u00e9 divadlo v\u00a0Ko\u0161iciach, Hlavn\u00e1 58 \u00a0<\/p>\n","protected":false},"author":25,"featured_media":51991,"comment_status":"open","ping_status":"open","sticky":false,"template":"","format":"standard","meta":{"_acf_changed":false,"_editorskit_title_hidden":false,"_editorskit_reading_time":1,"_editorskit_is_block_options_detached":false,"_editorskit_block_options_position":"{}","footnotes":""},"categories":[49,1],"tags":[],"class_list":["post-51516","post","type-post","status-publish","format-standard","has-post-thumbnail","hentry","category-60-vyrocie","category-uncategorized-sk"],"acf":{"acf_link_na_externy_obsah":""},"yoast_head":"<!-- This site is optimized with the Yoast SEO plugin v27.4 - https:\/\/yoast.com\/product\/yoast-seo-wordpress\/ -->\n<title>10. M\u00e1j 2023 - Sl\u00e1vnostn\u00e9 zasadnutie Vedeckej rady \u00a0 - Pr\u00edrodovedeck\u00e1 fakulta | UPJ\u0160<\/title>\n<meta name=\"robots\" content=\"index, follow, max-snippet:-1, max-image-preview:large, max-video-preview:-1\" \/>\n<link rel=\"canonical\" href=\"https:\/\/www.upjs.sk\/prirodovedecka-fakulta\/10-maj-2023-slavnostne-zasadnutie-vr-pf-upjs\/\" \/>\n<meta property=\"og:locale\" content=\"sk_SK\" \/>\n<meta property=\"og:type\" content=\"article\" \/>\n<meta property=\"og:title\" content=\"10. M\u00e1j 2023 - Sl\u00e1vnostn\u00e9 zasadnutie Vedeckej rady \u00a0 - Pr\u00edrodovedeck\u00e1 fakulta | UPJ\u0160\" \/>\n<meta property=\"og:description\" content=\"N\u00e1rodn\u00e9 divadlo v\u00a0Ko\u0161iciach, Hlavn\u00e1 58 \u00a0\" \/>\n<meta property=\"og:url\" content=\"https:\/\/www.upjs.sk\/prirodovedecka-fakulta\/10-maj-2023-slavnostne-zasadnutie-vr-pf-upjs\/\" \/>\n<meta property=\"og:site_name\" content=\"Pr\u00edrodovedeck\u00e1 fakulta | UPJ\u0160\" \/>\n<meta property=\"article:published_time\" content=\"2023-03-06T08:29:20+00:00\" \/>\n<meta property=\"article:modified_time\" content=\"2023-05-10T07:42:37+00:00\" \/>\n<meta property=\"og:image\" content=\"https:\/\/www.upjs.sk\/app\/uploads\/sites\/10\/2023\/03\/VR-60-vyrocie-archiv1.jpg\" \/>\n\t<meta property=\"og:image:width\" content=\"800\" \/>\n\t<meta property=\"og:image:height\" content=\"533\" \/>\n\t<meta property=\"og:image:type\" content=\"image\/jpeg\" \/>\n<meta name=\"author\" content=\"Viera\" \/>\n<meta name=\"twitter:card\" content=\"summary_large_image\" \/>\n<meta name=\"twitter:label1\" content=\"Autor\" \/>\n\t<meta name=\"twitter:data1\" content=\"Viera\" \/>\n\t<meta name=\"twitter:label2\" content=\"Predpokladan\u00fd \u010das \u010d\u00edtania\" \/>\n\t<meta name=\"twitter:data2\" content=\"1 min\u00fata\" \/>\n<script type=\"application\/ld+json\" class=\"yoast-schema-graph\">{\"@context\":\"https:\\\/\\\/schema.org\",\"@graph\":[{\"@type\":\"Article\",\"@id\":\"https:\\\/\\\/www.upjs.sk\\\/prirodovedecka-fakulta\\\/10-maj-2023-slavnostne-zasadnutie-vr-pf-upjs\\\/#article\",\"isPartOf\":{\"@id\":\"https:\\\/\\\/www.upjs.sk\\\/prirodovedecka-fakulta\\\/10-maj-2023-slavnostne-zasadnutie-vr-pf-upjs\\\/\"},\"author\":{\"name\":\"Viera\",\"@id\":\"https:\\\/\\\/www.upjs.sk\\\/prirodovedecka-fakulta\\\/#\\\/schema\\\/person\\\/4753117893adee9005f2a75838b5ffdc\"},\"headline\":\"10. M\u00e1j 2023 &#8211; Sl\u00e1vnostn\u00e9 zasadnutie Vedeckej rady \u00a0\",\"datePublished\":\"2023-03-06T08:29:20+00:00\",\"dateModified\":\"2023-05-10T07:42:37+00:00\",\"mainEntityOfPage\":{\"@id\":\"https:\\\/\\\/www.upjs.sk\\\/prirodovedecka-fakulta\\\/10-maj-2023-slavnostne-zasadnutie-vr-pf-upjs\\\/\"},\"wordCount\":47,\"commentCount\":0,\"publisher\":{\"@id\":\"https:\\\/\\\/www.upjs.sk\\\/prirodovedecka-fakulta\\\/#organization\"},\"image\":{\"@id\":\"https:\\\/\\\/www.upjs.sk\\\/prirodovedecka-fakulta\\\/10-maj-2023-slavnostne-zasadnutie-vr-pf-upjs\\\/#primaryimage\"},\"thumbnailUrl\":\"https:\\\/\\\/www.upjs.sk\\\/app\\\/uploads\\\/sites\\\/10\\\/2023\\\/03\\\/VR-60-vyrocie-archiv1.jpg\",\"articleSection\":[\"60-vyrocie\",\"Uncategorized @sk\"],\"inLanguage\":\"sk-SK\",\"potentialAction\":[{\"@type\":\"CommentAction\",\"name\":\"Comment\",\"target\":[\"https:\\\/\\\/www.upjs.sk\\\/prirodovedecka-fakulta\\\/10-maj-2023-slavnostne-zasadnutie-vr-pf-upjs\\\/#respond\"]}]},{\"@type\":\"WebPage\",\"@id\":\"https:\\\/\\\/www.upjs.sk\\\/prirodovedecka-fakulta\\\/10-maj-2023-slavnostne-zasadnutie-vr-pf-upjs\\\/\",\"url\":\"https:\\\/\\\/www.upjs.sk\\\/prirodovedecka-fakulta\\\/10-maj-2023-slavnostne-zasadnutie-vr-pf-upjs\\\/\",\"name\":\"10. M\u00e1j 2023 - Sl\u00e1vnostn\u00e9 zasadnutie Vedeckej rady \u00a0 - Pr\u00edrodovedeck\u00e1 fakulta | UPJ\u0160\",\"isPartOf\":{\"@id\":\"https:\\\/\\\/www.upjs.sk\\\/prirodovedecka-fakulta\\\/#website\"},\"primaryImageOfPage\":{\"@id\":\"https:\\\/\\\/www.upjs.sk\\\/prirodovedecka-fakulta\\\/10-maj-2023-slavnostne-zasadnutie-vr-pf-upjs\\\/#primaryimage\"},\"image\":{\"@id\":\"https:\\\/\\\/www.upjs.sk\\\/prirodovedecka-fakulta\\\/10-maj-2023-slavnostne-zasadnutie-vr-pf-upjs\\\/#primaryimage\"},\"thumbnailUrl\":\"https:\\\/\\\/www.upjs.sk\\\/app\\\/uploads\\\/sites\\\/10\\\/2023\\\/03\\\/VR-60-vyrocie-archiv1.jpg\",\"datePublished\":\"2023-03-06T08:29:20+00:00\",\"dateModified\":\"2023-05-10T07:42:37+00:00\",\"breadcrumb\":{\"@id\":\"https:\\\/\\\/www.upjs.sk\\\/prirodovedecka-fakulta\\\/10-maj-2023-slavnostne-zasadnutie-vr-pf-upjs\\\/#breadcrumb\"},\"inLanguage\":\"sk-SK\",\"potentialAction\":[{\"@type\":\"ReadAction\",\"target\":[\"https:\\\/\\\/www.upjs.sk\\\/prirodovedecka-fakulta\\\/10-maj-2023-slavnostne-zasadnutie-vr-pf-upjs\\\/\"]}]},{\"@type\":\"ImageObject\",\"inLanguage\":\"sk-SK\",\"@id\":\"https:\\\/\\\/www.upjs.sk\\\/prirodovedecka-fakulta\\\/10-maj-2023-slavnostne-zasadnutie-vr-pf-upjs\\\/#primaryimage\",\"url\":\"https:\\\/\\\/www.upjs.sk\\\/app\\\/uploads\\\/sites\\\/10\\\/2023\\\/03\\\/VR-60-vyrocie-archiv1.jpg\",\"contentUrl\":\"https:\\\/\\\/www.upjs.sk\\\/app\\\/uploads\\\/sites\\\/10\\\/2023\\\/03\\\/VR-60-vyrocie-archiv1.jpg\",\"width\":800,\"height\":533},{\"@type\":\"BreadcrumbList\",\"@id\":\"https:\\\/\\\/www.upjs.sk\\\/prirodovedecka-fakulta\\\/10-maj-2023-slavnostne-zasadnutie-vr-pf-upjs\\\/#breadcrumb\",\"itemListElement\":[{\"@type\":\"ListItem\",\"position\":1,\"name\":\"Home\",\"item\":\"https:\\\/\\\/www.upjs.sk\\\/prirodovedecka-fakulta\\\/\"},{\"@type\":\"ListItem\",\"position\":2,\"name\":\"10. M\u00e1j 2023 &#8211; Sl\u00e1vnostn\u00e9 zasadnutie Vedeckej rady \u00a0\"}]},{\"@type\":\"WebSite\",\"@id\":\"https:\\\/\\\/www.upjs.sk\\\/prirodovedecka-fakulta\\\/#website\",\"url\":\"https:\\\/\\\/www.upjs.sk\\\/prirodovedecka-fakulta\\\/\",\"name\":\"Pr\u00edrodovedeck\u00e1 fakulta | UPJ\u0160\",\"description\":\"\",\"publisher\":{\"@id\":\"https:\\\/\\\/www.upjs.sk\\\/prirodovedecka-fakulta\\\/#organization\"},\"potentialAction\":[{\"@type\":\"SearchAction\",\"target\":{\"@type\":\"EntryPoint\",\"urlTemplate\":\"https:\\\/\\\/www.upjs.sk\\\/prirodovedecka-fakulta\\\/?s={search_term_string}\"},\"query-input\":{\"@type\":\"PropertyValueSpecification\",\"valueRequired\":true,\"valueName\":\"search_term_string\"}}],\"inLanguage\":\"sk-SK\"},{\"@type\":\"Organization\",\"@id\":\"https:\\\/\\\/www.upjs.sk\\\/prirodovedecka-fakulta\\\/#organization\",\"name\":\"Pr\u00edrodovedeck\u00e1 fakulta | UPJ\u0160\",\"url\":\"https:\\\/\\\/www.upjs.sk\\\/prirodovedecka-fakulta\\\/\",\"logo\":{\"@type\":\"ImageObject\",\"inLanguage\":\"sk-SK\",\"@id\":\"https:\\\/\\\/www.upjs.sk\\\/prirodovedecka-fakulta\\\/#\\\/schema\\\/logo\\\/image\\\/\",\"url\":\"https:\\\/\\\/www.upjs.sk\\\/app\\\/uploads\\\/sites\\\/10\\\/2022\\\/09\\\/logo-prirodovedecka-fakulta.png\",\"contentUrl\":\"https:\\\/\\\/www.upjs.sk\\\/app\\\/uploads\\\/sites\\\/10\\\/2022\\\/09\\\/logo-prirodovedecka-fakulta.png\",\"width\":415,\"height\":87,\"caption\":\"Pr\u00edrodovedeck\u00e1 fakulta | UPJ\u0160\"},\"image\":{\"@id\":\"https:\\\/\\\/www.upjs.sk\\\/prirodovedecka-fakulta\\\/#\\\/schema\\\/logo\\\/image\\\/\"}},{\"@type\":\"Person\",\"@id\":\"https:\\\/\\\/www.upjs.sk\\\/prirodovedecka-fakulta\\\/#\\\/schema\\\/person\\\/4753117893adee9005f2a75838b5ffdc\",\"name\":\"Viera\",\"image\":{\"@type\":\"ImageObject\",\"inLanguage\":\"sk-SK\",\"@id\":\"https:\\\/\\\/secure.gravatar.com\\\/avatar\\\/2353a0cfdd80f7c0dc5a3614d03590f5410d17764c4c0be56e072083c6705cc6?s=96&d=mm&r=g\",\"url\":\"https:\\\/\\\/secure.gravatar.com\\\/avatar\\\/2353a0cfdd80f7c0dc5a3614d03590f5410d17764c4c0be56e072083c6705cc6?s=96&d=mm&r=g\",\"contentUrl\":\"https:\\\/\\\/secure.gravatar.com\\\/avatar\\\/2353a0cfdd80f7c0dc5a3614d03590f5410d17764c4c0be56e072083c6705cc6?s=96&d=mm&r=g\",\"caption\":\"Viera\"},\"url\":\"https:\\\/\\\/www.upjs.sk\\\/prirodovedecka-fakulta\\\/author\\\/dankova\\\/\"}]}<\/script>\n<!-- \/ Yoast SEO plugin. -->","yoast_head_json":{"title":"10. M\u00e1j 2023 - Sl\u00e1vnostn\u00e9 zasadnutie Vedeckej rady \u00a0 - Pr\u00edrodovedeck\u00e1 fakulta | UPJ\u0160","robots":{"index":"index","follow":"follow","max-snippet":"max-snippet:-1","max-image-preview":"max-image-preview:large","max-video-preview":"max-video-preview:-1"},"canonical":"https:\/\/www.upjs.sk\/prirodovedecka-fakulta\/10-maj-2023-slavnostne-zasadnutie-vr-pf-upjs\/","og_locale":"sk_SK","og_type":"article","og_title":"10. M\u00e1j 2023 - Sl\u00e1vnostn\u00e9 zasadnutie Vedeckej rady \u00a0 - Pr\u00edrodovedeck\u00e1 fakulta | UPJ\u0160","og_description":"N\u00e1rodn\u00e9 divadlo v\u00a0Ko\u0161iciach, Hlavn\u00e1 58 \u00a0","og_url":"https:\/\/www.upjs.sk\/prirodovedecka-fakulta\/10-maj-2023-slavnostne-zasadnutie-vr-pf-upjs\/","og_site_name":"Pr\u00edrodovedeck\u00e1 fakulta | UPJ\u0160","article_published_time":"2023-03-06T08:29:20+00:00","article_modified_time":"2023-05-10T07:42:37+00:00","og_image":[{"width":800,"height":533,"url":"https:\/\/www.upjs.sk\/app\/uploads\/sites\/10\/2023\/03\/VR-60-vyrocie-archiv1.jpg","type":"image\/jpeg"}],"author":"Viera","twitter_card":"summary_large_image","twitter_misc":{"Autor":"Viera","Predpokladan\u00fd \u010das \u010d\u00edtania":"1 min\u00fata"},"schema":{"@context":"https:\/\/schema.org","@graph":[{"@type":"Article","@id":"https:\/\/www.upjs.sk\/prirodovedecka-fakulta\/10-maj-2023-slavnostne-zasadnutie-vr-pf-upjs\/#article","isPartOf":{"@id":"https:\/\/www.upjs.sk\/prirodovedecka-fakulta\/10-maj-2023-slavnostne-zasadnutie-vr-pf-upjs\/"},"author":{"name":"Viera","@id":"https:\/\/www.upjs.sk\/prirodovedecka-fakulta\/#\/schema\/person\/4753117893adee9005f2a75838b5ffdc"},"headline":"10. M\u00e1j 2023 &#8211; Sl\u00e1vnostn\u00e9 zasadnutie Vedeckej rady \u00a0","datePublished":"2023-03-06T08:29:20+00:00","dateModified":"2023-05-10T07:42:37+00:00","mainEntityOfPage":{"@id":"https:\/\/www.upjs.sk\/prirodovedecka-fakulta\/10-maj-2023-slavnostne-zasadnutie-vr-pf-upjs\/"},"wordCount":47,"commentCount":0,"publisher":{"@id":"https:\/\/www.upjs.sk\/prirodovedecka-fakulta\/#organization"},"image":{"@id":"https:\/\/www.upjs.sk\/prirodovedecka-fakulta\/10-maj-2023-slavnostne-zasadnutie-vr-pf-upjs\/#primaryimage"},"thumbnailUrl":"https:\/\/www.upjs.sk\/app\/uploads\/sites\/10\/2023\/03\/VR-60-vyrocie-archiv1.jpg","articleSection":["60-vyrocie","Uncategorized @sk"],"inLanguage":"sk-SK","potentialAction":[{"@type":"CommentAction","name":"Comment","target":["https:\/\/www.upjs.sk\/prirodovedecka-fakulta\/10-maj-2023-slavnostne-zasadnutie-vr-pf-upjs\/#respond"]}]},{"@type":"WebPage","@id":"https:\/\/www.upjs.sk\/prirodovedecka-fakulta\/10-maj-2023-slavnostne-zasadnutie-vr-pf-upjs\/","url":"https:\/\/www.upjs.sk\/prirodovedecka-fakulta\/10-maj-2023-slavnostne-zasadnutie-vr-pf-upjs\/","name":"10. M\u00e1j 2023 - Sl\u00e1vnostn\u00e9 zasadnutie Vedeckej rady \u00a0 - Pr\u00edrodovedeck\u00e1 fakulta | UPJ\u0160","isPartOf":{"@id":"https:\/\/www.upjs.sk\/prirodovedecka-fakulta\/#website"},"primaryImageOfPage":{"@id":"https:\/\/www.upjs.sk\/prirodovedecka-fakulta\/10-maj-2023-slavnostne-zasadnutie-vr-pf-upjs\/#primaryimage"},"image":{"@id":"https:\/\/www.upjs.sk\/prirodovedecka-fakulta\/10-maj-2023-slavnostne-zasadnutie-vr-pf-upjs\/#primaryimage"},"thumbnailUrl":"https:\/\/www.upjs.sk\/app\/uploads\/sites\/10\/2023\/03\/VR-60-vyrocie-archiv1.jpg","datePublished":"2023-03-06T08:29:20+00:00","dateModified":"2023-05-10T07:42:37+00:00","breadcrumb":{"@id":"https:\/\/www.upjs.sk\/prirodovedecka-fakulta\/10-maj-2023-slavnostne-zasadnutie-vr-pf-upjs\/#breadcrumb"},"inLanguage":"sk-SK","potentialAction":[{"@type":"ReadAction","target":["https:\/\/www.upjs.sk\/prirodovedecka-fakulta\/10-maj-2023-slavnostne-zasadnutie-vr-pf-upjs\/"]}]},{"@type":"ImageObject","inLanguage":"sk-SK","@id":"https:\/\/www.upjs.sk\/prirodovedecka-fakulta\/10-maj-2023-slavnostne-zasadnutie-vr-pf-upjs\/#primaryimage","url":"https:\/\/www.upjs.sk\/app\/uploads\/sites\/10\/2023\/03\/VR-60-vyrocie-archiv1.jpg","contentUrl":"https:\/\/www.upjs.sk\/app\/uploads\/sites\/10\/2023\/03\/VR-60-vyrocie-archiv1.jpg","width":800,"height":533},{"@type":"BreadcrumbList","@id":"https:\/\/www.upjs.sk\/prirodovedecka-fakulta\/10-maj-2023-slavnostne-zasadnutie-vr-pf-upjs\/#breadcrumb","itemListElement":[{"@type":"ListItem","position":1,"name":"Home","item":"https:\/\/www.upjs.sk\/prirodovedecka-fakulta\/"},{"@type":"ListItem","position":2,"name":"10. M\u00e1j 2023 &#8211; Sl\u00e1vnostn\u00e9 zasadnutie Vedeckej rady \u00a0"}]},{"@type":"WebSite","@id":"https:\/\/www.upjs.sk\/prirodovedecka-fakulta\/#website","url":"https:\/\/www.upjs.sk\/prirodovedecka-fakulta\/","name":"Pr\u00edrodovedeck\u00e1 fakulta | UPJ\u0160","description":"","publisher":{"@id":"https:\/\/www.upjs.sk\/prirodovedecka-fakulta\/#organization"},"potentialAction":[{"@type":"SearchAction","target":{"@type":"EntryPoint","urlTemplate":"https:\/\/www.upjs.sk\/prirodovedecka-fakulta\/?s={search_term_string}"},"query-input":{"@type":"PropertyValueSpecification","valueRequired":true,"valueName":"search_term_string"}}],"inLanguage":"sk-SK"},{"@type":"Organization","@id":"https:\/\/www.upjs.sk\/prirodovedecka-fakulta\/#organization","name":"Pr\u00edrodovedeck\u00e1 fakulta | UPJ\u0160","url":"https:\/\/www.upjs.sk\/prirodovedecka-fakulta\/","logo":{"@type":"ImageObject","inLanguage":"sk-SK","@id":"https:\/\/www.upjs.sk\/prirodovedecka-fakulta\/#\/schema\/logo\/image\/","url":"https:\/\/www.upjs.sk\/app\/uploads\/sites\/10\/2022\/09\/logo-prirodovedecka-fakulta.png","contentUrl":"https:\/\/www.upjs.sk\/app\/uploads\/sites\/10\/2022\/09\/logo-prirodovedecka-fakulta.png","width":415,"height":87,"caption":"Pr\u00edrodovedeck\u00e1 fakulta | UPJ\u0160"},"image":{"@id":"https:\/\/www.upjs.sk\/prirodovedecka-fakulta\/#\/schema\/logo\/image\/"}},{"@type":"Person","@id":"https:\/\/www.upjs.sk\/prirodovedecka-fakulta\/#\/schema\/person\/4753117893adee9005f2a75838b5ffdc","name":"Viera","image":{"@type":"ImageObject","inLanguage":"sk-SK","@id":"https:\/\/secure.gravatar.com\/avatar\/2353a0cfdd80f7c0dc5a3614d03590f5410d17764c4c0be56e072083c6705cc6?s=96&d=mm&r=g","url":"https:\/\/secure.gravatar.com\/avatar\/2353a0cfdd80f7c0dc5a3614d03590f5410d17764c4c0be56e072083c6705cc6?s=96&d=mm&r=g","contentUrl":"https:\/\/secure.gravatar.com\/avatar\/2353a0cfdd80f7c0dc5a3614d03590f5410d17764c4c0be56e072083c6705cc6?s=96&d=mm&r=g","caption":"Viera"},"url":"https:\/\/www.upjs.sk\/prirodovedecka-fakulta\/author\/dankova\/"}]}},"_links":{"self":[{"href":"https:\/\/www.upjs.sk\/prirodovedecka-fakulta\/wp-json\/wp\/v2\/posts\/51516","targetHints":{"allow":["GET"]}}],"collection":[{"href":"https:\/\/www.upjs.sk\/prirodovedecka-fakulta\/wp-json\/wp\/v2\/posts"}],"about":[{"href":"https:\/\/www.upjs.sk\/prirodovedecka-fakulta\/wp-json\/wp\/v2\/types\/post"}],"author":[{"embeddable":true,"href":"https:\/\/www.upjs.sk\/prirodovedecka-fakulta\/wp-json\/wp\/v2\/users\/25"}],"replies":[{"embeddable":true,"href":"https:\/\/www.upjs.sk\/prirodovedecka-fakulta\/wp-json\/wp\/v2\/comments?post=51516"}],"version-history":[{"count":70,"href":"https:\/\/www.upjs.sk\/prirodovedecka-fakulta\/wp-json\/wp\/v2\/posts\/51516\/revisions"}],"predecessor-version":[{"id":55365,"href":"https:\/\/www.upjs.sk\/prirodovedecka-fakulta\/wp-json\/wp\/v2\/posts\/51516\/revisions\/55365"}],"wp:featuredmedia":[{"embeddable":true,"href":"https:\/\/www.upjs.sk\/prirodovedecka-fakulta\/wp-json\/wp\/v2\/media\/51991"}],"wp:attachment":[{"href":"https:\/\/www.upjs.sk\/prirodovedecka-fakulta\/wp-json\/wp\/v2\/media?parent=51516"}],"wp:term":[{"taxonomy":"category","embeddable":true,"href":"https:\/\/www.upjs.sk\/prirodovedecka-fakulta\/wp-json\/wp\/v2\/categories?post=51516"},{"taxonomy":"post_tag","embeddable":true,"href":"https:\/\/www.upjs.sk\/prirodovedecka-fakulta\/wp-json\/wp\/v2\/tags?post=51516"}],"curies":[{"name":"wp","href":"https:\/\/api.w.org\/{rel}","templated":true}]}}